{"id":897111,"date":"2026-01-03T20:17:00","date_gmt":"2026-01-03T19:17:00","guid":{"rendered":"https:\/\/new.gradski.me\/uncategorized\/zaharova-potpredsjednica-venecuele-nije-u-rusiji\/"},"modified":"2026-01-03T20:17:00","modified_gmt":"2026-01-03T19:17:00","slug":"zaharova-potpredsjednica-venecuele-nije-u-rusiji","status":"publish","type":"post","link":"https:\/\/gradski.me\/en\/svijet\/zaharova-potpredsjednica-venecuele-nije-u-rusiji\/","title":{"rendered":"Zaharova: Potpredsjednica Venecuele nije u Rusiji"},"content":{"rendered":"<p><\/p>\n\n\n\n<p>&#8222;La\u017ene vijesti&#8220;, rekla je Zaharova u odgovoru na pitanje RIA Novosti da li se Rodrigez nalazi u Rusiji.<\/p>\n\n\n\n<p>Ranije danas, \u010detiri izvora rekla su za Rojters da se potpredsjednica Venecuele Delsi Rodrigez nalazi se u Rusiji, nakon \u0161to je predsjednik SAD Donald Tramp izjavio da su ameri\u010dke snage, poslije napada na tu zemlju, privele predsjednika Venecuele Nikolasa Madura.<\/p>\n\n\n\n<p>Istovremeno, predsjednik Nacionalne skup\u0161tine Venecuele Horhe Rodrigez, brat potpredsjednice nalazi se u Karakasu, navela su tri izvora upoznata sa njegovim boravi\u0161tem.<\/p>\n\n\n\n<p>Delsi Rodrigez se ranije danas oglasila audio-porukom na dr\u017eavnoj televiziji, pozvav\u0161i da se objavi dokaz o \u017eivotu predsednika Madura i njegove supruge Silije, dok se Horhe Rodrigez od napada nije pojavljivao u javnosti.<\/p>\n\n\n\n<p>Sjedinjene Ameri\u010dke Dr\u017eave su danas izvele vazdu\u0161ne napade na Venecuelu, a predsjednik SAD Donald Tramp je objavio da su ameri\u010dke specijalne jedinice uhapsile predsjednika Venecuele Nikolasa Madura i njegovu suprugu Siliju Flores i izveli ih iz zemlje.<\/p>\n\n\n\n<p>Dr\u017eavna pravobraniteljka SAD Pem Bondi saop\u0161tila je da \u0107e se bra\u010dni par Maduro suo\u010diti s oput\u017enicom koju je protiv njih podigao sud u Njujorku.<\/p>\n\n\n\n<p>Najmanje sedam eksplozija i nisko lete\u0107ih aviona \u010dulo se oko 2 sata ujutru po lokalnom vremenu (6 sati po GMT) u glavnom gradu Karakasu.<\/p>","protected":false},"excerpt":{"rendered":"<p>Portparolka ruskog Ministarstva spoljnih poslova Marija Zaharova odbacila je danas medijske izvje\u0161taje o navodnom prisustvu potpredsjednice Venecuele Delsi Rodrigez u Rusiji kao la\u017ene.<\/p>","protected":false},"author":4,"featured_media":897112,"comment_status":"open","ping_status":"open","sticky":false,"template":"","format":"standard","meta":{"_acf_changed":false,"footnotes":"","jetpack_publicize_message":"","jetpack_publicize_feature_enabled":true,"jetpack_social_post_already_shared":false,"jetpack_social_options":{"image_generator_settings":{"template":"highway","default_image_id":0,"font":"","enabled":false},"version":2}},"categories":[14],"tags":[15332,3783,3113],"naslovna":[],"class_list":["post-897111","post","type-post","status-publish","format-standard","has-post-thumbnail","hentry","category-svijet","tag-maria-zaharova","tag-nikolas-maduro","tag-venecuela"],"acf":[],"jetpack_publicize_connections":[],"_links":{"self":[{"href":"https:\/\/gradski.me\/en\/wp-json\/wp\/v2\/posts\/897111","targetHints":{"allow":["GET"]}}],"collection":[{"href":"https:\/\/gradski.me\/en\/wp-json\/wp\/v2\/posts"}],"about":[{"href":"https:\/\/gradski.me\/en\/wp-json\/wp\/v2\/types\/post"}],"author":[{"embeddable":true,"href":"https:\/\/gradski.me\/en\/wp-json\/wp\/v2\/users\/4"}],"replies":[{"embeddable":true,"href":"https:\/\/gradski.me\/en\/wp-json\/wp\/v2\/comments?post=897111"}],"version-history":[{"count":0,"href":"https:\/\/gradski.me\/en\/wp-json\/wp\/v2\/posts\/897111\/revisions"}],"wp:featuredmedia":[{"embeddable":true,"href":"https:\/\/gradski.me\/en\/wp-json\/wp\/v2\/media\/897112"}],"wp:attachment":[{"href":"https:\/\/gradski.me\/en\/wp-json\/wp\/v2\/media?parent=897111"}],"wp:term":[{"taxonomy":"category","embeddable":true,"href":"https:\/\/gradski.me\/en\/wp-json\/wp\/v2\/categories?post=897111"},{"taxonomy":"post_tag","embeddable":true,"href":"https:\/\/gradski.me\/en\/wp-json\/wp\/v2\/tags?post=897111"},{"taxonomy":"naslovna","embeddable":true,"href":"https:\/\/gradski.me\/en\/wp-json\/wp\/v2\/naslovna?post=897111"}],"curies":[{"name":"wp","href":"https:\/\/api.w.org\/{rel}","templated":true}]}}