{"id":896887,"date":"2026-01-01T21:56:00","date_gmt":"2026-01-01T20:56:00","guid":{"rendered":"https:\/\/new.gradski.me\/uncategorized\/tesla-planira-povecanje-proizvodnje-u-njemackoj-fabrici\/"},"modified":"2026-01-01T21:56:00","modified_gmt":"2026-01-01T20:56:00","slug":"tesla-planira-povecanje-proizvodnje-u-njemackoj-fabrici","status":"publish","type":"post","link":"https:\/\/gradski.me\/en\/svijet\/tesla-planira-povecanje-proizvodnje-u-njemackoj-fabrici\/","title":{"rendered":"Tesla planira pove\u0107anje proizvodnje u njema\u010dkoj fabrici"},"content":{"rendered":"<p><\/p>\n\n\n\n<p>Proizvodnja je ve\u0107 rasla u svakom kvartalu pro\u0161le godine kako je planirano, rekao je direktor fabrike Andre Thierig u intervjuu za dpa.<\/p>\n\n\n\n<p>&#8222;Stoga s optimizmom gledamo u novu godinu i o\u010dekujemo daljnji rast&#8220;, rekao je Thierig, prenosi SEEbiz.<\/p>\n\n\n\n<p>Prema navodima kompanije, oko 11 hiljada zaposlenih u gigafabrici u saveznoj dr\u017eavi Brandenburg proizvodi oko pet hiljada vozila sedmi\u010dno, \u0161to je ekvivalentno oko 250 hiljada vozila godi\u0161nje.<\/p>\n\n\n\n<p>&#8222;Uspjeli smo da osiguramo radna mjesta ovdje i nikada nas nijesu pogodili prekidi proizvodnje ili otpu\u0161tanja kao druge industrijske lokacije u Njema\u010dkoj&#8220;, rekao je Thierig.<\/p>\n\n\n\n<p>Lokacija je pro\u0161irena pro\u0161le godine zna\u010dajnim ulaganjima ne samo u lansiranje modela, ve\u0107 i u izgradnju nove zgrade za predserijska vozila.<\/p>\n\n\n\n<p>Kanada je tako\u0111e dodata kao tr\u017ei\u0161te, \u0161to kupcima u toj zemlji omogu\u0107uje kupovinu vozila po ni\u017eoj cijeni, jer ne podlije\u017eu vi\u0161im ameri\u010dkim uvoznim carinama.<\/p>\n\n\n\n<p>Automobilska industrija nalazi se u globalnoj krizi profitabilnosti. U Njema\u010dkoj se tr\u017ei\u0161te elektri\u010dnih automobila ponovo oporavilo, ali Tesli je i dalje te\u0161ko. Od januara do novembra pro\u0161le godine registrovano je 17,36 hiljada novih Teslinih automobila, prema podacima Savezne uprave za motorni promet, \u0161to je smanjenje od oko 48 odsto u pore\u0111enju s istim periodom pro\u0161le godine.<\/p>","protected":false},"excerpt":{"rendered":"<p>Ameri\u010dki proizvo\u0111a\u010d elektri\u010dnih automobila Tesla namjerava da ove godine pove\u0107a proizvodnju u fabrici blizu Berlina, uprkos te\u0161koj tr\u017ei\u0161noj situaciji u Njema\u010dkoj.<\/p>","protected":false},"author":16,"featured_media":896888,"comment_status":"open","ping_status":"open","sticky":false,"template":"","format":"standard","meta":{"_acf_changed":false,"footnotes":"","jetpack_publicize_message":"","jetpack_publicize_feature_enabled":true,"jetpack_social_post_already_shared":false,"jetpack_social_options":{"image_generator_settings":{"template":"highway","default_image_id":0,"font":"","enabled":false},"version":2}},"categories":[14],"tags":[3776,673,15986],"naslovna":[],"class_list":["post-896887","post","type-post","status-publish","format-standard","has-post-thumbnail","hentry","category-svijet","tag-automobili","tag-njemacka","tag-tesla"],"acf":[],"jetpack_publicize_connections":[],"_links":{"self":[{"href":"https:\/\/gradski.me\/en\/wp-json\/wp\/v2\/posts\/896887","targetHints":{"allow":["GET"]}}],"collection":[{"href":"https:\/\/gradski.me\/en\/wp-json\/wp\/v2\/posts"}],"about":[{"href":"https:\/\/gradski.me\/en\/wp-json\/wp\/v2\/types\/post"}],"author":[{"embeddable":true,"href":"https:\/\/gradski.me\/en\/wp-json\/wp\/v2\/users\/16"}],"replies":[{"embeddable":true,"href":"https:\/\/gradski.me\/en\/wp-json\/wp\/v2\/comments?post=896887"}],"version-history":[{"count":0,"href":"https:\/\/gradski.me\/en\/wp-json\/wp\/v2\/posts\/896887\/revisions"}],"wp:featuredmedia":[{"embeddable":true,"href":"https:\/\/gradski.me\/en\/wp-json\/wp\/v2\/media\/896888"}],"wp:attachment":[{"href":"https:\/\/gradski.me\/en\/wp-json\/wp\/v2\/media?parent=896887"}],"wp:term":[{"taxonomy":"category","embeddable":true,"href":"https:\/\/gradski.me\/en\/wp-json\/wp\/v2\/categories?post=896887"},{"taxonomy":"post_tag","embeddable":true,"href":"https:\/\/gradski.me\/en\/wp-json\/wp\/v2\/tags?post=896887"},{"taxonomy":"naslovna","embeddable":true,"href":"https:\/\/gradski.me\/en\/wp-json\/wp\/v2\/naslovna?post=896887"}],"curies":[{"name":"wp","href":"https:\/\/api.w.org\/{rel}","templated":true}]}}