{"id":896734,"date":"2026-01-01T07:11:00","date_gmt":"2026-01-01T06:11:00","guid":{"rendered":"https:\/\/new.gradski.me\/uncategorized\/raspored-rada-doma-zdravlja-tokom-praznika\/"},"modified":"2026-01-01T07:11:00","modified_gmt":"2026-01-01T06:11:00","slug":"raspored-rada-doma-zdravlja-tokom-praznika","status":"publish","type":"post","link":"https:\/\/gradski.me\/en\/podgorica\/raspored-rada-doma-zdravlja-tokom-praznika\/","title":{"rendered":"Raspored rada Doma zdravlja tokom praznika"},"content":{"rendered":"<p><\/p>\n\n\n\n<p>Rad izabranih doktora za odrasle i djecu u danima Dr\u017eavnog praznika obavlja\u0107e se isklju\u010divo u punktu \u201cBlok V\u201d u dvije smjene od 07-14h i od 14h-21h za teritoriju op\u0161tine Podgorica, dok \u0107e u ZO \u201cTuzi\u201d Izabrani doktor za odrasle raditi od 07 do 15h, a u op\u0161tini Zeta, zdravstveni objekat \u201cGolubovci\u201d, tako\u0111e od 07-15h.<\/p>\n\n\n\n<p>Centar za laboratorijsku dijagnostiku u zdravstvenom objektu \u201cBlok V\u201d \u0107e raditi od 07 do 21 h.<\/p>\n\n\n\n<p>Jedinica za patrona\u017eu \u0107e raditi po ustaljenom rasporedu, tako da \u0107e se i tokom praznika nalozi primati u zdravstvenim objektima\u201d Blok V\u201d u periodu od 07 do 19 h, dok \u0107e se terapija, po nalogu Izabranog doktora, u stanu pacijenata davati svakog dana, od 07 do 19 h.<\/p>","protected":false},"excerpt":{"rendered":"<p>U Domu zdravlja Glavnog grada, za vrijeme Novogodi\u0161njih i Bo\u017ei\u0107nih praznika, gra\u0111anima \u0107e se pru\u017eati zdravstvena za\u0161tita u objektima: \u201cBlok V\u201d, \u201cTuzi\u201d i \u201cZeta\u201d.<\/p>","protected":false},"author":4,"featured_media":896735,"comment_status":"open","ping_status":"open","sticky":false,"template":"","format":"standard","meta":{"_acf_changed":false,"footnotes":"","jetpack_publicize_message":"","jetpack_publicize_feature_enabled":true,"jetpack_social_post_already_shared":false,"jetpack_social_options":{"image_generator_settings":{"template":"highway","default_image_id":0,"font":"","enabled":false},"version":2}},"categories":[6],"tags":[15936],"naslovna":[],"class_list":["post-896734","post","type-post","status-publish","format-standard","has-post-thumbnail","hentry","category-podgorica","tag-dom-zdravlja-podgorica"],"acf":[],"jetpack_publicize_connections":[],"_links":{"self":[{"href":"https:\/\/gradski.me\/en\/wp-json\/wp\/v2\/posts\/896734","targetHints":{"allow":["GET"]}}],"collection":[{"href":"https:\/\/gradski.me\/en\/wp-json\/wp\/v2\/posts"}],"about":[{"href":"https:\/\/gradski.me\/en\/wp-json\/wp\/v2\/types\/post"}],"author":[{"embeddable":true,"href":"https:\/\/gradski.me\/en\/wp-json\/wp\/v2\/users\/4"}],"replies":[{"embeddable":true,"href":"https:\/\/gradski.me\/en\/wp-json\/wp\/v2\/comments?post=896734"}],"version-history":[{"count":0,"href":"https:\/\/gradski.me\/en\/wp-json\/wp\/v2\/posts\/896734\/revisions"}],"wp:featuredmedia":[{"embeddable":true,"href":"https:\/\/gradski.me\/en\/wp-json\/wp\/v2\/media\/896735"}],"wp:attachment":[{"href":"https:\/\/gradski.me\/en\/wp-json\/wp\/v2\/media?parent=896734"}],"wp:term":[{"taxonomy":"category","embeddable":true,"href":"https:\/\/gradski.me\/en\/wp-json\/wp\/v2\/categories?post=896734"},{"taxonomy":"post_tag","embeddable":true,"href":"https:\/\/gradski.me\/en\/wp-json\/wp\/v2\/tags?post=896734"},{"taxonomy":"naslovna","embeddable":true,"href":"https:\/\/gradski.me\/en\/wp-json\/wp\/v2\/naslovna?post=896734"}],"curies":[{"name":"wp","href":"https:\/\/api.w.org\/{rel}","templated":true}]}}