{"id":896617,"date":"2025-12-31T14:12:00","date_gmt":"2025-12-31T13:12:00","guid":{"rendered":"https:\/\/new.gradski.me\/uncategorized\/ivanovic-cestitao-mugosi-poslanici-demonstrirali-odgovornost-zrelost-i-spremnost-na-dijalog\/"},"modified":"2025-12-31T14:12:00","modified_gmt":"2025-12-31T13:12:00","slug":"ivanovic-cestitao-mugosi-poslanici-demonstrirali-odgovornost-zrelost-i-spremnost-na-dijalog","status":"publish","type":"post","link":"https:\/\/gradski.me\/en\/politika\/ivanovic-cestitao-mugosi-poslanici-demonstrirali-odgovornost-zrelost-i-spremnost-na-dijalog\/","title":{"rendered":"Ivanovi\u0107 \u010destitao Mugo\u0161i: Poslanici demonstrirali odgovornost, zrelost i spremnost na dijalog"},"content":{"rendered":"<p><br><br><\/p>\n\n\n\n<p><br><br><\/p>\n\n\n\n<p>Potpredsjednik je uputio \u010destitke Nikoli Mugo\u0161i na izboru za sudiju Ustavnog suda, kao i poslanicima Skup\u0161tine Crne Gore koji su, u ogromnoj ve\u0107ini podr\u017eali ovaj predlog.<\/p>\n\n\n\n<p>\u201eTime su demonstrirali odgovornost, zrelost i spremnost na dijalog i dogovor. Izbor sudije Ustavnog suda predstavlja zna\u010dajan korak ka sna\u017eenju institucija, ali i va\u017ean signal Evropskoj uniji da se vladavina prava, koja je usko vezana za proces pristupanja, u Crnoj Gori shvata ozbiljno\u201c, poru\u010dio je potpredsjednik Vlade.<\/p>\n\n\n\n<p>Potpredsjednik je, tako\u0111e, izrazio o\u010dekivanje da \u0107e postignuti konsenzus poslu\u017eiti kao model i za druge va\u017ene odluke u narednom periodu.<\/p>\n\n\n\n<p>\u201eNadam se da \u0107e dana\u0161nji konsenzus biti primjer za sli\u010dne odluke u narednoj godini, kako bismo proces evropske integracije zaokru\u017eili do kraja 2026. godine\u201c, zaklju\u010dio je.<\/p>","protected":false},"excerpt":{"rendered":"<p>Potpredsjednik Vlade za vanjske i evropske poslove dr Filip Ivanovi\u0107 oglasio se povodom izbora sudije Ustavnog suda Crne Gore, isti\u010du\u0107i zna\u010daj postignutog konsenzusa u Skup\u0161tini i njegov doprinos ja\u010danju institucija i evropskom putu dr\u017eave, saop\u0161teno je iz Vlade.<\/p>","protected":false},"author":4,"featured_media":896618,"comment_status":"open","ping_status":"open","sticky":false,"template":"","format":"standard","meta":{"_acf_changed":false,"footnotes":"","jetpack_publicize_message":"","jetpack_publicize_feature_enabled":true,"jetpack_social_post_already_shared":false,"jetpack_social_options":{"image_generator_settings":{"template":"highway","default_image_id":0,"font":"","enabled":false},"version":2}},"categories":[7],"tags":[786,2217,4840,1369],"naslovna":[],"class_list":["post-896617","post","type-post","status-publish","format-standard","has-post-thumbnail","hentry","category-politika","tag-cestitka","tag-filip-ivanovic-2","tag-nikola-mugosa","tag-ustavni-sud"],"acf":[],"jetpack_publicize_connections":[],"_links":{"self":[{"href":"https:\/\/gradski.me\/en\/wp-json\/wp\/v2\/posts\/896617","targetHints":{"allow":["GET"]}}],"collection":[{"href":"https:\/\/gradski.me\/en\/wp-json\/wp\/v2\/posts"}],"about":[{"href":"https:\/\/gradski.me\/en\/wp-json\/wp\/v2\/types\/post"}],"author":[{"embeddable":true,"href":"https:\/\/gradski.me\/en\/wp-json\/wp\/v2\/users\/4"}],"replies":[{"embeddable":true,"href":"https:\/\/gradski.me\/en\/wp-json\/wp\/v2\/comments?post=896617"}],"version-history":[{"count":0,"href":"https:\/\/gradski.me\/en\/wp-json\/wp\/v2\/posts\/896617\/revisions"}],"wp:featuredmedia":[{"embeddable":true,"href":"https:\/\/gradski.me\/en\/wp-json\/wp\/v2\/media\/896618"}],"wp:attachment":[{"href":"https:\/\/gradski.me\/en\/wp-json\/wp\/v2\/media?parent=896617"}],"wp:term":[{"taxonomy":"category","embeddable":true,"href":"https:\/\/gradski.me\/en\/wp-json\/wp\/v2\/categories?post=896617"},{"taxonomy":"post_tag","embeddable":true,"href":"https:\/\/gradski.me\/en\/wp-json\/wp\/v2\/tags?post=896617"},{"taxonomy":"naslovna","embeddable":true,"href":"https:\/\/gradski.me\/en\/wp-json\/wp\/v2\/naslovna?post=896617"}],"curies":[{"name":"wp","href":"https:\/\/api.w.org\/{rel}","templated":true}]}}