{"id":896580,"date":"2025-12-31T10:30:00","date_gmt":"2025-12-31T09:30:00","guid":{"rendered":"https:\/\/new.gradski.me\/uncategorized\/potvrdjena-optuznica-protiv-11-osoba-za-stvaranje-kriminalne-organizacije-krijumcarenje-cigareta-i-pranje-novca\/"},"modified":"2025-12-31T10:30:00","modified_gmt":"2025-12-31T09:30:00","slug":"potvrdjena-optuznica-protiv-11-osoba-za-stvaranje-kriminalne-organizacije-krijumcarenje-cigareta-i-pranje-novca","status":"publish","type":"post","link":"https:\/\/gradski.me\/en\/hronika\/potvrdjena-optuznica-protiv-11-osoba-za-stvaranje-kriminalne-organizacije-krijumcarenje-cigareta-i-pranje-novca\/","title":{"rendered":"Potvr\u0111ena optu\u017enica protiv 11 osoba za stvaranje kriminalne organizacije, krijum\u010darenje cigareta i pranje novca"},"content":{"rendered":"<p><\/p>\n\n\n\n<p>Vije\u0107e Vi\u0161eg suda u Podgorici je, rje\u0161enjem od 30. decembra ove godine, potvrdilo optu\u017enicu od 23. oktobra ove godine, koju je Specijalno dr\u017eavno tu\u017eila\u0161tvo podiglo protiv 11 optu\u017eenih: V.M, N.D, A.M, M.M, D.N, H.J, \u017d.B, H.K, E.K, R.K, i pravnog lica \u201eC.\u201c DOO B, zbog postojanja osnovane sumnje da su u\u010dinili krivi\u010dno djelo stvaranje kriminalne organizacije, vi\u0161e krivi\u010dnih djela krijum\u010darenje i krivi\u010dno djelo pranje novca.<\/p>\n\n\n\n<p>&#8222;Predmet optu\u017enice je djelovanje kriminalne organizacije optu\u017eenih, koja se bavila preno\u0161enjem preko carinske linije iz Slobodne carinske zone Luke Bar, uz izbjegavanje mjera carinskog nadzora, neocarinjenih cigareta i njihovom prodajom i rasturanjem, \u010dime je, nepla\u0107anjem carina, akciza i poreza za pakete krijum\u010darenih cigareta, kriminalnoj organizaciji pribavljena nezakonita dobit, a o\u0161te\u0107enoj Crnoj Gori nanijeta \u0161tetu u visini od najmanje 3.522.643,66 eura&#8220;, navode u saop\u0161tenju Tu\u017eila\u0161tva.<\/p>","protected":false},"excerpt":{"rendered":"<p>Vije\u0107e Vi\u0161eg suda u Podgorici je potvrdilo optu\u017enicu Specijalnog dr\u017eavnog tu\u017eila\u0161tva podignutu protiv 11 optu\u017eenih i pravnog lica \u201eC.\u201c DOO B, zbog postojanja osnovane sumnje da su u\u010dinili krivi\u010dno djelo stvaranje kriminalne organizacije, vi\u0161e krivi\u010dnih djela krijum\u010darenje i krivi\u010dno djelo pranje novca.<\/p>","protected":false},"author":4,"featured_media":896581,"comment_status":"open","ping_status":"open","sticky":false,"template":"","format":"standard","meta":{"_acf_changed":false,"footnotes":"","jetpack_publicize_message":"","jetpack_publicize_feature_enabled":true,"jetpack_social_post_already_shared":false,"jetpack_social_options":{"image_generator_settings":{"template":"highway","default_image_id":0,"font":"","enabled":false},"version":2}},"categories":[10],"tags":[15897,6571,5614,14036],"naslovna":[],"class_list":["post-896580","post","type-post","status-publish","format-standard","has-post-thumbnail","hentry","category-hronika","tag-krijumcarenje-cigareta","tag-kriminalna-organizacija","tag-pranje-novca","tag-visi-sud"],"acf":[],"jetpack_publicize_connections":[],"_links":{"self":[{"href":"https:\/\/gradski.me\/en\/wp-json\/wp\/v2\/posts\/896580","targetHints":{"allow":["GET"]}}],"collection":[{"href":"https:\/\/gradski.me\/en\/wp-json\/wp\/v2\/posts"}],"about":[{"href":"https:\/\/gradski.me\/en\/wp-json\/wp\/v2\/types\/post"}],"author":[{"embeddable":true,"href":"https:\/\/gradski.me\/en\/wp-json\/wp\/v2\/users\/4"}],"replies":[{"embeddable":true,"href":"https:\/\/gradski.me\/en\/wp-json\/wp\/v2\/comments?post=896580"}],"version-history":[{"count":0,"href":"https:\/\/gradski.me\/en\/wp-json\/wp\/v2\/posts\/896580\/revisions"}],"wp:featuredmedia":[{"embeddable":true,"href":"https:\/\/gradski.me\/en\/wp-json\/wp\/v2\/media\/896581"}],"wp:attachment":[{"href":"https:\/\/gradski.me\/en\/wp-json\/wp\/v2\/media?parent=896580"}],"wp:term":[{"taxonomy":"category","embeddable":true,"href":"https:\/\/gradski.me\/en\/wp-json\/wp\/v2\/categories?post=896580"},{"taxonomy":"post_tag","embeddable":true,"href":"https:\/\/gradski.me\/en\/wp-json\/wp\/v2\/tags?post=896580"},{"taxonomy":"naslovna","embeddable":true,"href":"https:\/\/gradski.me\/en\/wp-json\/wp\/v2\/naslovna?post=896580"}],"curies":[{"name":"wp","href":"https:\/\/api.w.org\/{rel}","templated":true}]}}