{"id":896549,"date":"2025-12-31T08:45:47","date_gmt":"2025-12-31T07:45:47","guid":{"rendered":"https:\/\/new.gradski.me\/uncategorized\/vrhovni-sud-produzio-pritvor-mijajlovicu-i-spicanovicu-za-jos-tri-mjeseca\/"},"modified":"2025-12-31T08:45:47","modified_gmt":"2025-12-31T07:45:47","slug":"vrhovni-sud-produzio-pritvor-mijajlovicu-i-spicanovicu-za-jos-tri-mjeseca","status":"publish","type":"post","link":"https:\/\/gradski.me\/en\/hronika\/vrhovni-sud-produzio-pritvor-mijajlovicu-i-spicanovicu-za-jos-tri-mjeseca\/","title":{"rendered":"Vrhovni sud produ\u017eio pritvor Mijajlovi\u0107u i Spi\u010danovi\u0107u za jo\u0161 tri mjeseca"},"content":{"rendered":"<p><\/p>\n\n\n\n<p>Kako je saop\u0161teno iz Vrhovnog suda, Mijajlovi\u0107u je pritvor produ\u017een zbog osnovane sumnje da je po\u010dinio krivi\u010dno djelo stvaranje kriminalne organizacije, dok je D. S. pritvor produ\u017een zbog osnovane sumnje da je po\u010dinio krivi\u010dna djela stvaranje kriminalne organizacije i odavanje tajnih podataka.<\/p>\n\n\n\n<p>&#8222;Prema navodima iz naredbe o sprovo\u0111enju istrage i obrazlo\u017eenju rje\u0161enja suda, osnovana sumnja proizilazi da je A. M, u periodu od 2018. do februara 2024. godine, organizovao i rukovodio kriminalnom organizacijom koja je djelovala na teritoriji Crne Gore, sa ciljem vr\u0161enja te\u0161kih krivi\u010dnih djela radi sticanja nezakonite dobiti i mo\u0107i. Kriminalna organizacija, kako se sumnja, imala je jasno definisanu hijerarhiju, unaprijed odre\u0111ene uloge i zadatke za svoje pripadnike, dugotrajno planirano djelovanje, kao i spremnost na primjenu nasilja i zastra\u0161ivanja&#8220;, naveli su iz Vrhnovnog suda.<\/p>\n\n\n\n<p>U okviru tog djelovanja, okrivljeni Spi\u010danovi\u0107 se sumnji\u010di da je, kao slu\u017ebeno lice, zloupotrebljavao svoj slu\u017ebeni polo\u017eaj tako \u0161to je prikupljao i neovla\u0161\u0107eno dostavljao povjerljive i tajne podatke organizatoru kriminalne organizacije, uklju\u010duju\u0107i podatke iz policijskih i bezbjednosnih evidencija, kao i informacije ozna\u010dene stepenom tajnosti \u201eTajno\u201c, \u010dije je odavanje moglo imati \u0161tetne posljedice po bezbjednost Crne Gore.<\/p>\n\n\n\n<p>&#8222;Pritvor je okrivljenima A. M. i D.S. produ\u017een jer je sud ocijenio da postoji opasnost od bjekstva, mogu\u0107nost da bi boravkom na slobodi mogli uticati na svjedoke, kao i realna opasnost da bi mogli ponoviti krivi\u010dno djelo&#8220;, saop\u0161tili su iz Vrhovnog suda.<\/p>\n\n\n\n<p>Okrivljenima A. M. i D. S. pritvor je prvobitno odre\u0111en rje\u0161enjem sudije za istragu Vi\u0161eg suda u Podgorici od 5. oktobra, a produ\u017een rje\u0161enjem Krivi\u010dnog vije\u0107a tog suda od 31. oktobra, koje je preina\u010deno rje\u0161enjem Apelacionog suda Crne Gore. Rje\u0161enjem Vrhovnog suda pritvor okrivljenima je produ\u017een za jo\u0161 tri mjeseca i mo\u017ee trajati do 03. aprila 2026. godine.<\/p>","protected":false},"excerpt":{"rendered":"<p>Vije\u0107e Vrhovnog suda Crne Gore, odlu\u010duju\u0107i o predlogu Specijalnog dr\u017eavnog tu\u017eila\u0161tva Crne Gore, produ\u017eilo je pritvor Aleksandru Mijajlovi\u0107u\u00a0i\u00a0Dragu Spi\u010danovi\u0107u\u00a0za jo\u0161 tri mjeseca.<\/p>","protected":false},"author":4,"featured_media":896550,"comment_status":"open","ping_status":"open","sticky":false,"template":"","format":"standard","meta":{"_acf_changed":false,"footnotes":"","jetpack_publicize_message":"","jetpack_publicize_feature_enabled":true,"jetpack_social_post_already_shared":false,"jetpack_social_options":{"image_generator_settings":{"template":"highway","default_image_id":0,"font":"","enabled":false},"version":2}},"categories":[10],"tags":[8092,8093,183,15890,3971],"naslovna":[],"class_list":["post-896549","post","type-post","status-publish","format-standard","has-post-thumbnail","hentry","category-hronika","tag-aleksandar-mijajlovic","tag-drago-spicanovic","tag-sdt","tag-stvaranje-kriminalne-organizacije","tag-vrhovni-sud"],"acf":[],"jetpack_publicize_connections":[],"_links":{"self":[{"href":"https:\/\/gradski.me\/en\/wp-json\/wp\/v2\/posts\/896549","targetHints":{"allow":["GET"]}}],"collection":[{"href":"https:\/\/gradski.me\/en\/wp-json\/wp\/v2\/posts"}],"about":[{"href":"https:\/\/gradski.me\/en\/wp-json\/wp\/v2\/types\/post"}],"author":[{"embeddable":true,"href":"https:\/\/gradski.me\/en\/wp-json\/wp\/v2\/users\/4"}],"replies":[{"embeddable":true,"href":"https:\/\/gradski.me\/en\/wp-json\/wp\/v2\/comments?post=896549"}],"version-history":[{"count":0,"href":"https:\/\/gradski.me\/en\/wp-json\/wp\/v2\/posts\/896549\/revisions"}],"wp:featuredmedia":[{"embeddable":true,"href":"https:\/\/gradski.me\/en\/wp-json\/wp\/v2\/media\/896550"}],"wp:attachment":[{"href":"https:\/\/gradski.me\/en\/wp-json\/wp\/v2\/media?parent=896549"}],"wp:term":[{"taxonomy":"category","embeddable":true,"href":"https:\/\/gradski.me\/en\/wp-json\/wp\/v2\/categories?post=896549"},{"taxonomy":"post_tag","embeddable":true,"href":"https:\/\/gradski.me\/en\/wp-json\/wp\/v2\/tags?post=896549"},{"taxonomy":"naslovna","embeddable":true,"href":"https:\/\/gradski.me\/en\/wp-json\/wp\/v2\/naslovna?post=896549"}],"curies":[{"name":"wp","href":"https:\/\/api.w.org\/{rel}","templated":true}]}}