{"id":896517,"date":"2025-12-31T07:24:00","date_gmt":"2025-12-31T06:24:00","guid":{"rendered":"https:\/\/new.gradski.me\/uncategorized\/put-djurdjevica-tara-mojkovac-od-danas-otvoren-za-saobracaj\/"},"modified":"2025-12-31T07:24:00","modified_gmt":"2025-12-31T06:24:00","slug":"put-djurdjevica-tara-mojkovac-od-danas-otvoren-za-saobracaj","status":"publish","type":"post","link":"https:\/\/gradski.me\/en\/ekonomija\/put-djurdjevica-tara-mojkovac-od-danas-otvoren-za-saobracaj\/","title":{"rendered":"Put \u0110ur\u0111evi\u0107a Tara \u2013 Mojkovac od danas otvoren za saobra\u0107aj"},"content":{"rendered":"<p><\/p>\n\n\n\n<p>Iz Uprave za saobra\u0107aj je saop\u0161teno da su odra\u0111eni svi konstruktivni elementi, kao i radovi na hidroizolaciji i izradi nadsloja nad galerijom, \u010dime su stvoreni uslovi da se ova dionica ponovo otvori za saobra\u0107aj. \u010cim vremenski uslovi dozvole, bi\u0107e odra\u0111eni i asfalterski radovi, kao i radovi na saobra\u0107ajnoj signalizaciji.<\/p>\n\n\n\n<p>\u201cOdluka o pu\u0161tanju puta u saobra\u0107aj donesena je imaju\u0107i u vidu da se u periodu predstoje\u0107ih praznika o\u010dekuje poja\u010dan intenzitet saobra\u0107aja, kao i \u010dinjenicu da ova saobra\u0107ajnica predstavlja va\u017enu vezu prema ski-centru na Durmitoru, naro\u010dito u zimskom turisti\u010dkom periodu\u201d, navodi se u saop\u0161tenju.<\/p>\n\n\n\n<p>Pu\u0161tanje te saobra\u0107ajnice ima poseban zna\u010daj za lokalno stanovni\u0161tvo, jer olak\u0161ava svakodnevno kretanje gra\u0111ana, kao i pristup zdravstvenim, obrazovnim i drugim osnovnim uslugama.<\/p>\n\n\n\n<p>\u201cApelujemo na sve u\u010desnike u saobra\u0107aju da vo\u017enju prilagode uslovima na putu, da budu posebno oprezni na dionicama na kojima su izvo\u0111eni radovi, kao i da strogo po\u0161tuju postavljenu saobra\u0107ajnu signalizaciju\u201d, zaklju\u010duje se u saop\u0161tenju.<\/p>\n\n\n\n<figure class=\"wp-block-embed is-type-video is-provider-youtube wp-block-embed-youtube wp-embed-aspect-16-9 wp-has-aspect-ratio\"><div class=\"wp-block-embed__wrapper\">\n<iframe title=\"Zavrsni radovi na sanaciji kriti\u010dne ta\u010dke &quot;Sokolovina&quot; . Decembat 2025.\" width=\"800\" height=\"450\" src=\"https:\/\/www.youtube.com\/embed\/pLcvbU6e4c8?feature=oembed\" frameborder=\"0\" allow=\"accelerometer; autoplay; clipboard-write; encrypted-media; gyroscope; picture-in-picture; web-share\" referrerpolicy=\"strict-origin-when-cross-origin\" allowfullscreen><\/iframe>\n<\/div><\/figure>","protected":false},"excerpt":{"rendered":"<p>Regionalni put R-10 \u0110ur\u0111evi\u0107a Tara \u2013 Mojkovac, nakon zavr\u0161etka glavnih radova na sanaciji klizi\u0161ta u mjestu Sokolovina, bi\u0107e pu\u0161ten u saobra\u0107aj danas, najavljeno je iz Uprave za saobra\u0107aj.<\/p>","protected":false},"author":4,"featured_media":896518,"comment_status":"open","ping_status":"open","sticky":false,"template":"","format":"standard","meta":{"_acf_changed":false,"footnotes":"","jetpack_publicize_message":"","jetpack_publicize_feature_enabled":true,"jetpack_social_post_already_shared":false,"jetpack_social_options":{"image_generator_settings":{"template":"highway","default_image_id":0,"font":"","enabled":false},"version":2}},"categories":[8],"tags":[15885,480],"naslovna":[],"class_list":["post-896517","post","type-post","status-publish","format-standard","has-post-thumbnail","hentry","category-ekonomija","tag-put-djurdjevica-tara-mojkovac","tag-uprava-za-saobracaj"],"acf":[],"jetpack_publicize_connections":[],"_links":{"self":[{"href":"https:\/\/gradski.me\/en\/wp-json\/wp\/v2\/posts\/896517","targetHints":{"allow":["GET"]}}],"collection":[{"href":"https:\/\/gradski.me\/en\/wp-json\/wp\/v2\/posts"}],"about":[{"href":"https:\/\/gradski.me\/en\/wp-json\/wp\/v2\/types\/post"}],"author":[{"embeddable":true,"href":"https:\/\/gradski.me\/en\/wp-json\/wp\/v2\/users\/4"}],"replies":[{"embeddable":true,"href":"https:\/\/gradski.me\/en\/wp-json\/wp\/v2\/comments?post=896517"}],"version-history":[{"count":0,"href":"https:\/\/gradski.me\/en\/wp-json\/wp\/v2\/posts\/896517\/revisions"}],"wp:featuredmedia":[{"embeddable":true,"href":"https:\/\/gradski.me\/en\/wp-json\/wp\/v2\/media\/896518"}],"wp:attachment":[{"href":"https:\/\/gradski.me\/en\/wp-json\/wp\/v2\/media?parent=896517"}],"wp:term":[{"taxonomy":"category","embeddable":true,"href":"https:\/\/gradski.me\/en\/wp-json\/wp\/v2\/categories?post=896517"},{"taxonomy":"post_tag","embeddable":true,"href":"https:\/\/gradski.me\/en\/wp-json\/wp\/v2\/tags?post=896517"},{"taxonomy":"naslovna","embeddable":true,"href":"https:\/\/gradski.me\/en\/wp-json\/wp\/v2\/naslovna?post=896517"}],"curies":[{"name":"wp","href":"https:\/\/api.w.org\/{rel}","templated":true}]}}