{"id":896381,"date":"2025-12-19T09:18:26","date_gmt":"2025-12-19T08:18:26","guid":{"rendered":"https:\/\/gradski.me\/?p=896381"},"modified":"2026-03-06T17:11:11","modified_gmt":"2026-03-06T16:11:11","slug":"spajic-danas-u-parizu-o-statusu-kotora-na-listi-svjetske-bastine","status":"publish","type":"post","link":"https:\/\/gradski.me\/en\/politika\/spajic-danas-u-parizu-o-statusu-kotora-na-listi-svjetske-bastine\/","title":{"rendered":"Spaji\u0107 in Paris today on the status of Kotor on the World Heritage List"},"content":{"rendered":"<p>Predsjednik Vlade Milojko Spaji\u0107 posjeti\u0107e danas sjedi\u0161te UNESCO-a u Parizu gdje \u0107e razgovarati sa novoizabranim generalnim direktorom UNESCO Kaledom El-Enanijem i direktorom Centra za svjetsku ba\u0161tinu Lazarom Elunduom Asomom.<\/p>\n\n\n\n<p>Sastanci su prilika da se iska\u017ee neupitna posve\u0107enost Vlade o\u010duvanju statusa prirodnih i kulturno-istorijskih dobara Crne Gore upisanih u Listu svjetske ba\u0161tine UNESCO i spremnost da, u cilju o\u010duvanja univerzalne vrijednosti upisanih dobara, ispuni preporuke Komiteta za za\u0161titu svjetske ba\u0161tine.<\/p>\n\n\n\n<p>Podsje\u0107amo, tokom 47. sjednice odr\u017eane od 6. do 16. jula o.g. u Parizu, stru\u010dni tim zajedni\u010dke misije Komiteta za svjetsku ba\u0161tinu, usvojio je izvje\u0161taj za Kotor \u010dime je Crnoj Gori dat rok da do 1. februara 2026. dostavi a\u017euriran izvje\u0161taj o stanju o\u010duvanja za prirodni i kulturno-istorijski region Kotora.<\/p>\n\n\n\n<p>Nakon toga, premijer Milojko Spaji\u0107 preuzeo je predsjedavanje Nacionalnom komisijom za UNESCO \u0161to predstavlja prvi put da se na \u010delu ovog tijela nalazi predsjednik Vlade.<\/p>\n\n\n\n<p>Naime, ukoliko se preporuke iz poslednjeg izje\u0161taja Centra za svjetsku ba\u0161tinu ne sprovedu do 1. februara 2026. status Kotora u UNESCO mogao bi biti doveden u pitanje.<\/p>\n\n\n\n<p>U delegaciji predsjednika Vlade su i Majda Ad\u017eovi\u0107, ministarka javnih radova i Petra Zdravkovi\u0107, direktorica Uprave za za\u0161titu kulturnih dobara.<\/p>","protected":false},"excerpt":{"rendered":"<p>Predsjednik Vlade Milojko Spaji\u0107 posjeti\u0107e danas sjedi\u0161te UNESCO-a u Parizu gdje \u0107e razgovarati sa novoizabranim generalnim direktorom UNESCO Kaledom El-Enanijem i direktorom Centra za svjetsku ba\u0161tinu Lazarom Elunduom Asomom, stoji u saop\u0161tenju.<\/p>","protected":false},"author":1,"featured_media":811980,"comment_status":"open","ping_status":"open","sticky":false,"template":"","format":"standard","meta":{"_acf_changed":false,"footnotes":"","jetpack_publicize_message":"","jetpack_publicize_feature_enabled":true,"jetpack_social_post_already_shared":false,"jetpack_social_options":{"image_generator_settings":{"template":"highway","default_image_id":0,"font":"","enabled":false},"version":2}},"categories":[7],"tags":[188,134,794,111,1168],"naslovna":[],"class_list":["post-896381","post","type-post","status-publish","format-standard","has-post-thumbnail","hentry","category-politika","tag-crna-gora","tag-kotor","tag-milojko-spajic","tag-unesco","tag-vlada"],"acf":[],"jetpack_publicize_connections":[],"_links":{"self":[{"href":"https:\/\/gradski.me\/en\/wp-json\/wp\/v2\/posts\/896381","targetHints":{"allow":["GET"]}}],"collection":[{"href":"https:\/\/gradski.me\/en\/wp-json\/wp\/v2\/posts"}],"about":[{"href":"https:\/\/gradski.me\/en\/wp-json\/wp\/v2\/types\/post"}],"author":[{"embeddable":true,"href":"https:\/\/gradski.me\/en\/wp-json\/wp\/v2\/users\/1"}],"replies":[{"embeddable":true,"href":"https:\/\/gradski.me\/en\/wp-json\/wp\/v2\/comments?post=896381"}],"version-history":[{"count":1,"href":"https:\/\/gradski.me\/en\/wp-json\/wp\/v2\/posts\/896381\/revisions"}],"predecessor-version":[{"id":921814,"href":"https:\/\/gradski.me\/en\/wp-json\/wp\/v2\/posts\/896381\/revisions\/921814"}],"wp:featuredmedia":[{"embeddable":true,"href":"https:\/\/gradski.me\/en\/wp-json\/wp\/v2\/media\/811980"}],"wp:attachment":[{"href":"https:\/\/gradski.me\/en\/wp-json\/wp\/v2\/media?parent=896381"}],"wp:term":[{"taxonomy":"category","embeddable":true,"href":"https:\/\/gradski.me\/en\/wp-json\/wp\/v2\/categories?post=896381"},{"taxonomy":"post_tag","embeddable":true,"href":"https:\/\/gradski.me\/en\/wp-json\/wp\/v2\/tags?post=896381"},{"taxonomy":"naslovna","embeddable":true,"href":"https:\/\/gradski.me\/en\/wp-json\/wp\/v2\/naslovna?post=896381"}],"curies":[{"name":"wp","href":"https:\/\/api.w.org\/{rel}","templated":true}]}}