{"id":896342,"date":"2025-12-19T08:41:01","date_gmt":"2025-12-19T07:41:01","guid":{"rendered":"https:\/\/gradski.me\/?p=896342"},"modified":"2026-03-06T17:12:08","modified_gmt":"2026-03-06T16:12:08","slug":"uhapsen-maloljetnik-osumnjicen-za-iscrtavanje-ambasade-bih-u-podgorici-i-trgu-argentina","status":"publish","type":"post","link":"https:\/\/gradski.me\/en\/hronika\/uhapsen-maloljetnik-osumnjicen-za-iscrtavanje-ambasade-bih-u-podgorici-i-trgu-argentina\/","title":{"rendered":"Arrested juvenile suspected of drawing graffiti on the Embassy of BiH and Nazi symbols on a board dedicated to Hanukkah"},"content":{"rendered":"<p><\/p>\n\n\n\n<p>Kako je saop\u0161teno, policijski slu\u017ebenici Regionalnog centra bezbjednosti \u201eCentar\u201c &#8211; Odjeljenja bezbjednosti Podgorica, su nakon preduzetih hitnih mjera i radnji na identifikaciji lica koja su 16. decembra 2025. godine, na zgradi Ambasade Bosne i Hercegovine u Podgorici ispisala vi\u0161e grafita sa porukama kojima se veli\u010da ratni zlo\u010din u Srebrenici i grafita sa simbolima koji upu\u0107uju na govor mr\u017enje kao i nacisti\u010dkih simbola iscrtanih na tabli posve\u0107enoj jevrejskom prazniku Hanuki na Trgu Argentina, rasvijetlili oba doga\u0111aja i sino\u0107 uhapsili \u0161estnaestogodi\u0161njaka iz Podgorice.<\/p>\n\n\n\n<p>&#8222;Nakon identifikacije lica, prikupljenih obavje\u0161tenja i sprovedenih ostalih mjera i radnji, sa doga\u0111ajem je upoznat dr\u017eavni tu\u017eilac u Vi\u0161em dr\u017eavnom tu\u017eila\u0161tvu u Podgorici koji je nalo\u017eio da se protiv identifikovanog maloljetnika ovom tu\u017eila\u0161tvu podnese krivi\u010dna prijava zbog sumnje da je po\u010dinio krivi\u010dno djelo izazivanje nacionalne, rasne i vjerske mr\u017enje, na na\u010din \u0161to je u no\u0107i 16. decembra, na zgradi ambasade Bosne i Hercegovine u Podgorici, iscrtao pomenute grafite&#8220;, navode iz Uprave policije.<\/p>\n\n\n\n<p>U odnosu na iscrtane simbole na tabli oka\u010denoj na trgu Argentina, povodom obilje\u017eavanja jevrejskog praznika, nadle\u017eni dr\u017eavni tu\u017eilac u Vi\u0161em dr\u017eavnom tu\u017eila\u0161tvu se izjasnio da u navedenom doga\u0111aju nema elemenata krivi\u010dnog djela.<\/p>\n\n\n\n<p>&#8222;Policijski slu\u017ebenici Odjeljenja bezbjednosti Podgorica su cijenili da se u radnjama maloljetnog lica sti\u010du elementi bi\u0107a prekr\u0161aja iz Zakona o javnom redu i miru i istog li\u0161ili slobode&#8220;, kazali su iz policije.<\/p>\n\n\n\n<p>On \u0107e danas, uz zahtjev za pokretanje prekr\u0161ajnog postupka biti priveden Sudu za prekr\u0161aje u Podgorici, na dalju nadle\u017enost.<\/p>\n\n\n\n<p>&#8222;Slu\u017ebenici Uprave policije \u0107e i u narednom periodu nastaviti sa intenzivnim sprovo\u0111enjem mjera i radnji na identifikaciji i procesuiranju izvr\u0161ilaca krivi\u010dnih djela i prekr\u0161aja kojima se izaziva ili podsti\u010de nacionalna, vjerska i rasna mr\u017enja, netrpeljivost i diskriminacija, u cilju o\u010duvanja javnog reda i mira, za\u0161tite osnovnih ljudskih prava i sloboda, kao i bezbjednosti svih gra\u0111ana&#8220;, saop\u0161tili su iz Uprave policije.<\/p>","protected":false},"excerpt":{"rendered":"<p>Podgori\u010dka policija uhapsila je maloljetnika osumnji\u010denog za iscrtavanje natpisa i simbola sa elementima nacionalne i vjerske mr\u017enje na Ambasadi BiH u Podgorici i Trgu Argentina, a kojeg terete za da je po\u010dinio krivi\u010dno djelo izazivanje nacionalne, rasne i vjerske mr\u017enje.<\/p>","protected":false},"author":1,"featured_media":575032,"comment_status":"open","ping_status":"open","sticky":false,"template":"","format":"standard","meta":{"_acf_changed":false,"footnotes":"","jetpack_publicize_message":"","jetpack_publicize_feature_enabled":true,"jetpack_social_post_already_shared":false,"jetpack_social_options":{"image_generator_settings":{"template":"highway","default_image_id":0,"font":"","enabled":false},"version":2}},"categories":[10],"tags":[6252,8875,109],"naslovna":[],"class_list":["post-896342","post","type-post","status-publish","format-standard","has-post-thumbnail","hentry","category-hronika","tag-govor-mrznje","tag-grafiti","tag-uprava-policije"],"acf":[],"jetpack_publicize_connections":[],"_links":{"self":[{"href":"https:\/\/gradski.me\/en\/wp-json\/wp\/v2\/posts\/896342","targetHints":{"allow":["GET"]}}],"collection":[{"href":"https:\/\/gradski.me\/en\/wp-json\/wp\/v2\/posts"}],"about":[{"href":"https:\/\/gradski.me\/en\/wp-json\/wp\/v2\/types\/post"}],"author":[{"embeddable":true,"href":"https:\/\/gradski.me\/en\/wp-json\/wp\/v2\/users\/1"}],"replies":[{"embeddable":true,"href":"https:\/\/gradski.me\/en\/wp-json\/wp\/v2\/comments?post=896342"}],"version-history":[{"count":1,"href":"https:\/\/gradski.me\/en\/wp-json\/wp\/v2\/posts\/896342\/revisions"}],"predecessor-version":[{"id":921817,"href":"https:\/\/gradski.me\/en\/wp-json\/wp\/v2\/posts\/896342\/revisions\/921817"}],"wp:featuredmedia":[{"embeddable":true,"href":"https:\/\/gradski.me\/en\/wp-json\/wp\/v2\/media\/575032"}],"wp:attachment":[{"href":"https:\/\/gradski.me\/en\/wp-json\/wp\/v2\/media?parent=896342"}],"wp:term":[{"taxonomy":"category","embeddable":true,"href":"https:\/\/gradski.me\/en\/wp-json\/wp\/v2\/categories?post=896342"},{"taxonomy":"post_tag","embeddable":true,"href":"https:\/\/gradski.me\/en\/wp-json\/wp\/v2\/tags?post=896342"},{"taxonomy":"naslovna","embeddable":true,"href":"https:\/\/gradski.me\/en\/wp-json\/wp\/v2\/naslovna?post=896342"}],"curies":[{"name":"wp","href":"https:\/\/api.w.org\/{rel}","templated":true}]}}