{"id":895639,"date":"2025-12-18T13:10:00","date_gmt":"2025-12-18T12:10:00","guid":{"rendered":"https:\/\/gradski.me\/?p=895639"},"modified":"2025-12-18T13:10:00","modified_gmt":"2025-12-18T12:10:00","slug":"nezaposlenih-ove-godine-bilo-319-hiljada","status":"publish","type":"post","link":"https:\/\/gradski.me\/en\/drustvo\/nezaposlenih-ove-godine-bilo-319-hiljada\/","title":{"rendered":"Nezaposlenih ove godine bilo 31,9 hiljada"},"content":{"rendered":"<p><\/p>\n\n\n\n<p>U Crnoj Gori je u tre\u0107em kvartalu ove godine, prema podacima Monstata, bilo 317,2 hiljade aktivnog stanovni\u0161tva, od kojih je 285,3 hiljade ili 89,9 odsto zaposlenih.<\/p>\n\n\n\n<p>Od ukupnog broja aktivnog stanovni\u0161tva, 31,9 hiljada ili 10,1 odsto je nezaposlenih.<\/p>\n\n\n\n<p>Broj zaposlenih u odnosu na prethodni kvartal pove\u0107an je 2,2 odsto, dok je broj nezaposlenih u odnosu na uporedni period smanjen 2,4 odsto.<\/p>\n\n\n\n<p>Stanovni\u0161tvo van radne snage (15-89 godina starosti) \u010dini 192,5 hiljada osoba.<\/p>\n\n\n\n<p>Za starosnu grupu od 15 do 89 godina u tre\u0107em kvartalu, stopa aktivnosti je 62,2 odsto, stopa zaposlenosti 56 odsto, stopa nezaposlenosti 10,1 odsto i stopa stanovni\u0161tva van radne snage 37,8 odsto.<\/p>\n\n\n\n<p>Od ukupno aktivnog stanovni\u0161tva, 170,6 hiljada ili 53,8 odsto \u010dine mu\u0161karci, a 146,6 hiljada ili 46,2 odsto \u017eene.<\/p>\n\n\n\n<p>\u201eNajve\u0107i broj zaposlenih \u010dine osobe u starosnoj grupi od 25 do 49 godina i to 174,6 hiljada. Tako\u0111e, najve\u0107i broj nezaposlenih \u010dine osobe u istoj starosnoj grupi, odnosno 19,6 hiljada\u201c, rekli su iz Monstata.<\/p>\n\n\n\n<p>Struktura zaposlenih prema sektorima djelatnosti pokazuje da ih je najvi\u0161e u uslu\u017enoj djelatnosti, 76,5 odsto, zatim u sektorima nepoljoprivredne djelatnosti, odnosno industriji i gra\u0111evinarstvu, 19,1 odsto i u sektoru poljoprivrede, \u0161umarstva i ribolova 4,4 odsto.<\/p>\n\n\n\n<p>Anketom je obuhva\u0107eno 1,7 hiljada doma\u0107instava.<\/p>\n\n\n\n<p>Prikupljeni su podaci o demografskim obilje\u017ejima za sve \u010dlanove doma\u0107instva, njih 4,2 hiljade, a za 3,66 hiljada osoba od 15 do 89 godina i podaci o njihovoj radnoj aktivnosti.<\/p>","protected":false},"excerpt":{"rendered":"<p>U Crnoj Gori je u tre\u0107em kvartalu ove godine, prema podacima Monstata, bilo 317,2 hiljade aktivnog stanovni\u0161tva, od kojih je 285,3 hiljade ili 89,9 odsto zaposlenih.<\/p>","protected":false},"author":1,"featured_media":464411,"comment_status":"open","ping_status":"open","sticky":false,"template":"","format":"standard","meta":{"_acf_changed":false,"footnotes":"","jetpack_publicize_message":"","jetpack_publicize_feature_enabled":true,"jetpack_social_post_already_shared":false,"jetpack_social_options":{"image_generator_settings":{"template":"highway","default_image_id":0,"font":"","enabled":false},"version":2}},"categories":[9],"tags":[2288,849,5927,3948],"naslovna":[],"class_list":["post-895639","post","type-post","status-publish","format-standard","has-post-thumbnail","hentry","category-drustvo","tag-anketa","tag-monstat","tag-nezaposleni","tag-radna-snaga"],"acf":[],"jetpack_publicize_connections":[],"_links":{"self":[{"href":"https:\/\/gradski.me\/en\/wp-json\/wp\/v2\/posts\/895639","targetHints":{"allow":["GET"]}}],"collection":[{"href":"https:\/\/gradski.me\/en\/wp-json\/wp\/v2\/posts"}],"about":[{"href":"https:\/\/gradski.me\/en\/wp-json\/wp\/v2\/types\/post"}],"author":[{"embeddable":true,"href":"https:\/\/gradski.me\/en\/wp-json\/wp\/v2\/users\/1"}],"replies":[{"embeddable":true,"href":"https:\/\/gradski.me\/en\/wp-json\/wp\/v2\/comments?post=895639"}],"version-history":[{"count":0,"href":"https:\/\/gradski.me\/en\/wp-json\/wp\/v2\/posts\/895639\/revisions"}],"wp:featuredmedia":[{"embeddable":true,"href":"https:\/\/gradski.me\/en\/wp-json\/wp\/v2\/media\/464411"}],"wp:attachment":[{"href":"https:\/\/gradski.me\/en\/wp-json\/wp\/v2\/media?parent=895639"}],"wp:term":[{"taxonomy":"category","embeddable":true,"href":"https:\/\/gradski.me\/en\/wp-json\/wp\/v2\/categories?post=895639"},{"taxonomy":"post_tag","embeddable":true,"href":"https:\/\/gradski.me\/en\/wp-json\/wp\/v2\/tags?post=895639"},{"taxonomy":"naslovna","embeddable":true,"href":"https:\/\/gradski.me\/en\/wp-json\/wp\/v2\/naslovna?post=895639"}],"curies":[{"name":"wp","href":"https:\/\/api.w.org\/{rel}","templated":true}]}}