{"id":895580,"date":"2025-12-18T11:45:00","date_gmt":"2025-12-18T10:45:00","guid":{"rendered":"https:\/\/gradski.me\/?p=895580"},"modified":"2025-12-18T11:45:00","modified_gmt":"2025-12-18T10:45:00","slug":"masovne-dojave-o-postavljenim-bombama-u-skolama-sirom-tuzlanskog-kantona","status":"publish","type":"post","link":"https:\/\/gradski.me\/en\/region\/masovne-dojave-o-postavljenim-bombama-u-skolama-sirom-tuzlanskog-kantona\/","title":{"rendered":"Masovne dojave o postavljenim bombama u \u0161kolama \u0161irom Tuzlanskog kantona"},"content":{"rendered":"<p><\/p>\n\n\n\n<p>Povodom zaprimljenih dojava o postavljenim eksplozivnim napravama u vi\u0161e osnovnih i srednjih \u0161kola na podru\u010dju Tuzlanskog kantona, Vlada TK i Ministarstvo obrazovanja i nauke TK, obavijestila je javnost da su policijski slu\u017ebenici odmah iza\u0161li na teren te poduzimaju sve mjere i radnje iz svoje nadle\u017enosti s ciljem provjere navoda i osiguranja objekata.<\/p>\n\n\n\n<p>&#8222;Sve aktivnosti se provode u skladu s va\u017ee\u0107im zakonskim i sigurnosnim procedurama. Uprave \u0161kola i nastavno osoblje postupaju odgovorno i u skladu s propisanim sigurnosnim protokolima, a sigurnost u\u010denika, nastavnika i ostalih uposlenika za sada nije ugro\u017eena i predstavlja apsolutni prioritet. U\u010denici su, u koordinaciji s nadle\u017enim slu\u017ebama, pravovremeno i sigurno udaljeni iz \u0161kolskih objekata i upu\u0107eni svojim ku\u0107ama&#8220;, kazali su iz Vlade TK.<\/p>\n\n\n\n<p>Nadle\u017eni tako\u0111e obavje\u0161tavaju roditelje i staratelje da je bezbjednosnih razloga, nastava u prvoj smjeni obustavljena.<\/p>\n\n\n\n<p>&#8222;Nakon okon\u010danja policijskih provjera te u skladu s procjenama nadle\u017enih slu\u017ebi, nastavni proces \u0107e biti nastavljen u drugoj smjeni. O svim relevantnim i provjerenim informacijama roditelji \u0107e, ukoliko bude potrebe biti blagovremeno informisani putem uprava \u0161kola&#8220;, dodali su iz Vlade TK.<\/p>\n\n\n\n<p>Prema nezvani\u010dnim informacijama do kojih je do\u0161ao <strong>Klix.ba<\/strong>, dojave o navodno postavljenim eksplozivnim napravama su uglavnom upu\u0107ene putem e-mail adresa.<\/p>\n\n\n\n<p>Vlada Tuzlanskog kantona i Ministarstvo obrazovanja i nauke TK pozivaju javnost na smirenost i odgovorno pona\u0161anje, te apeliraju da se informacije prate isklju\u010divo putem zvani\u010dnih i provjerenih izvora. O svim daljnjim informacijama javnost \u0107e biti pravovremeno obavije\u0161tena.<\/p>","protected":false},"excerpt":{"rendered":"<p>U vi\u0161e osnovnih i srednjih \u0161kola \u0161irom Tuzlanskog kantona, nepoznata osoba ili vi\u0161e njih, uglavnom putem e-mail adresa uputila je dojave o navodno postavljenim eksplozivnim napravama u unutra\u0161njosti objekata. U\u010denici i osoblje su evakuisani, a policija poduzima potrebne mjere i radnje.<\/p>","protected":false},"author":1,"featured_media":895581,"comment_status":"open","ping_status":"open","sticky":false,"template":"","format":"standard","meta":{"_acf_changed":false,"footnotes":"","jetpack_publicize_message":"","jetpack_publicize_feature_enabled":true,"jetpack_social_post_already_shared":false,"jetpack_social_options":{"image_generator_settings":{"template":"highway","default_image_id":0,"font":"","enabled":false},"version":2}},"categories":[13],"tags":[15812,15813,2177,15814],"naslovna":[],"class_list":["post-895580","post","type-post","status-publish","format-standard","has-post-thumbnail","hentry","category-region","tag-masovne-dojave","tag-postavljene-bombe","tag-skole-3","tag-tuzlanski-kanton"],"acf":[],"jetpack_publicize_connections":[],"_links":{"self":[{"href":"https:\/\/gradski.me\/en\/wp-json\/wp\/v2\/posts\/895580","targetHints":{"allow":["GET"]}}],"collection":[{"href":"https:\/\/gradski.me\/en\/wp-json\/wp\/v2\/posts"}],"about":[{"href":"https:\/\/gradski.me\/en\/wp-json\/wp\/v2\/types\/post"}],"author":[{"embeddable":true,"href":"https:\/\/gradski.me\/en\/wp-json\/wp\/v2\/users\/1"}],"replies":[{"embeddable":true,"href":"https:\/\/gradski.me\/en\/wp-json\/wp\/v2\/comments?post=895580"}],"version-history":[{"count":0,"href":"https:\/\/gradski.me\/en\/wp-json\/wp\/v2\/posts\/895580\/revisions"}],"wp:featuredmedia":[{"embeddable":true,"href":"https:\/\/gradski.me\/en\/wp-json\/wp\/v2\/media\/895581"}],"wp:attachment":[{"href":"https:\/\/gradski.me\/en\/wp-json\/wp\/v2\/media?parent=895580"}],"wp:term":[{"taxonomy":"category","embeddable":true,"href":"https:\/\/gradski.me\/en\/wp-json\/wp\/v2\/categories?post=895580"},{"taxonomy":"post_tag","embeddable":true,"href":"https:\/\/gradski.me\/en\/wp-json\/wp\/v2\/tags?post=895580"},{"taxonomy":"naslovna","embeddable":true,"href":"https:\/\/gradski.me\/en\/wp-json\/wp\/v2\/naslovna?post=895580"}],"curies":[{"name":"wp","href":"https:\/\/api.w.org\/{rel}","templated":true}]}}