{"id":895241,"date":"2025-12-17T19:08:27","date_gmt":"2025-12-17T18:08:27","guid":{"rendered":"https:\/\/gradski.me\/?p=895241"},"modified":"2025-12-17T19:08:27","modified_gmt":"2025-12-17T18:08:27","slug":"milatovic-u-prvom-semestru-naredne-godine-otpoceti-izradu-ugovora-o-pristupanju-crne-gore-eu","status":"publish","type":"post","link":"https:\/\/gradski.me\/en\/politika\/milatovic-u-prvom-semestru-naredne-godine-otpoceti-izradu-ugovora-o-pristupanju-crne-gore-eu\/","title":{"rendered":"Milatovi\u0107: U prvom semestru naredne godine otpo\u010deti izradu Ugovora o pristupanju Crne Gore EU"},"content":{"rendered":"<p>\u201cKao \u0161to sam rekao, mi smo danas zaista ovdje jako ponosni na sve ono \u0161to je Crna Gora do sada u\u010dinila. Ja ovdje danas jasno i glasno \u017eelim da poru\u010dim svim evropskim liderima da je Crna Gora najnaprednija zemlja-kandidat za \u010dlanstvo u EU i da o\u010dekujemo da budemo 28. zemlja \u010dlanica 2028. godine\u201d, kazao je Milatovi\u0107.<\/p>\n\n\n\n<p>Istakao je da veruje da \u0107emo u toku predsjedavanja Kipra Savjetom Evropske unije, koje \u0107e biti u prvom semestru naredne godine, otpo\u010deti formalno i izradu Ugovora o pristupanju Crne Gore u EU.<\/p>\n\n\n\n<p>\u201cI to \u0107e zaista biti finalni dokaz da smo nadomak cilja, nadomak punopravnog \u010dlanstva Crne Gore u EU. Tako da danas odavde iz Brisela \u0161aljemo zaista jednu izvanredno optimisti\u010dnu poruku kada je Crna Gora u pitanju\u201d, jasan je Milatovi\u0107.<\/p>\n\n\n\n<p>Kako se zaklju\u010duje u saop\u0161tenju, predsjednik&nbsp; \u0107e se obratiti evropskim liderima ve\u010deras na plenarnoj sjednici Samita EU\u2013Zapadni Balkan u Briselu.<\/p>\n\n\n\n<p><\/p>","protected":false},"excerpt":{"rendered":"<p>Predsjednik Crne Gore Jakov Milatovi\u0107 poru\u010dio je u Briselu, uo\u010di plenarne sjednice Samita EU\u2013Zapadni Balkan kojoj \u0107e prisustvovati predsjednik Francuske Emanuel Makron i njema\u010dki kancelar Fridrih Merc, da je Crna Gora spremna za zavr\u0161nicu evropskog puta, i dodao da bi u prvom semestru naredne godine trebalo otpo\u010deti izradu Ugovora o pristupanju EU.<\/p>","protected":false},"author":1,"featured_media":895243,"comment_status":"open","ping_status":"open","sticky":false,"template":"","format":"standard","meta":{"_acf_changed":false,"footnotes":"","jetpack_publicize_message":"","jetpack_publicize_feature_enabled":true,"jetpack_social_post_already_shared":false,"jetpack_social_options":{"image_generator_settings":{"template":"highway","default_image_id":0,"font":"","enabled":false},"version":2}},"categories":[7],"tags":[282,153],"naslovna":[],"class_list":["post-895241","post","type-post","status-publish","format-standard","has-post-thumbnail","hentry","category-politika","tag-eu","tag-jakov-milatovic-2"],"acf":[],"jetpack_publicize_connections":[],"_links":{"self":[{"href":"https:\/\/gradski.me\/en\/wp-json\/wp\/v2\/posts\/895241","targetHints":{"allow":["GET"]}}],"collection":[{"href":"https:\/\/gradski.me\/en\/wp-json\/wp\/v2\/posts"}],"about":[{"href":"https:\/\/gradski.me\/en\/wp-json\/wp\/v2\/types\/post"}],"author":[{"embeddable":true,"href":"https:\/\/gradski.me\/en\/wp-json\/wp\/v2\/users\/1"}],"replies":[{"embeddable":true,"href":"https:\/\/gradski.me\/en\/wp-json\/wp\/v2\/comments?post=895241"}],"version-history":[{"count":0,"href":"https:\/\/gradski.me\/en\/wp-json\/wp\/v2\/posts\/895241\/revisions"}],"wp:featuredmedia":[{"embeddable":true,"href":"https:\/\/gradski.me\/en\/wp-json\/wp\/v2\/media\/895243"}],"wp:attachment":[{"href":"https:\/\/gradski.me\/en\/wp-json\/wp\/v2\/media?parent=895241"}],"wp:term":[{"taxonomy":"category","embeddable":true,"href":"https:\/\/gradski.me\/en\/wp-json\/wp\/v2\/categories?post=895241"},{"taxonomy":"post_tag","embeddable":true,"href":"https:\/\/gradski.me\/en\/wp-json\/wp\/v2\/tags?post=895241"},{"taxonomy":"naslovna","embeddable":true,"href":"https:\/\/gradski.me\/en\/wp-json\/wp\/v2\/naslovna?post=895241"}],"curies":[{"name":"wp","href":"https:\/\/api.w.org\/{rel}","templated":true}]}}