{"id":895169,"date":"2025-12-17T17:56:13","date_gmt":"2025-12-17T16:56:13","guid":{"rendered":"https:\/\/gradski.me\/?p=895169"},"modified":"2025-12-17T17:56:13","modified_gmt":"2025-12-17T16:56:13","slug":"cadjenovic-treci-put-zaredom-najbolji-kik-bokser-crne-gore","status":"publish","type":"post","link":"https:\/\/gradski.me\/en\/sport\/cadjenovic-treci-put-zaredom-najbolji-kik-bokser-crne-gore\/","title":{"rendered":"\u010ca\u0111enovi\u0107 tre\u0107i put zaredom najbolji kik bokser Crne Gore"},"content":{"rendered":"<p>\u010clan Budu\u0107nosti tako je stigao do tre\u0107eg vezanog priznanja za najuspje\u0161nijeg takmi\u010dara u na\u0161oj zemlji. On je nedavno osvojio srebrnu medalju na seniorskom prvenstvu svijeta u Abu Dabiju.<\/p>\n\n\n\n<p>\u010ca\u0111enovi\u0107 je kazao da je 2025. najuspje\u0161nija godina u njegovoj karijeri.<\/p>\n\n\n\n<p>&#8222;Srebrna medalja i finale Svjetskog prvenstva su kruna moje karijere. Sam plasman u finale, prvo koje je nakon 16 godina izborio neki crnogorski borac, najbolje govori koliki je to rezultat. Odradio sam \u010detiri te\u0161ka me\u010da, nije bilo lako. Kontinuitet dobrog rada i u\u010de\u0161\u0107a na jakim turnirima i velikim takmi\u010denjima donosi i rezultat. Naporno smo trenirali, ali se sve isplatilo&#8220;, rekao je \u010ca\u0111enovi\u0107.<\/p>\n\n\n\n<p>Najbolji stariji junior je Viktor Duki\u0107, osvaja\u010d zlatne medalje na Evropskom prvenstvu u italijanskom Jezolu.<\/p>\n\n\n\n<p>\u0160to se ti\u010de mla\u0111ih juniora, bez premcca je Milo\u0161 Vojinovi\u0107, dok je najbolji klub u Crnoj Gori cetinjski Lov\u0107en.<\/p>\n\n\n\n<p>Za zlatna evropska odli\u010dja nagra\u0111eni su i Sultan Imeri i Gzim Preljvukaj, a priznanja su dobili i srebrni iz Jezola Dragan Muratovi\u0107, Matija Radovi\u0107 i Isah Tarhani\u0161, kao i nosioci bronzanih odli\u010dja sa tog \u0161ampionata Ishak Agovi\u0107, Jovan Lipovina i Sla\u0111ana Bo\u017eovi\u0107.<\/p>\n\n\n\n<p>Predsjednik Ivan Strugar bio je prezadovoljan kako je protekla 2025. godina.<\/p>\n\n\n\n<p>&#8222;Rezultat najbolje govore, kao i \u010dinjenica da su se svi crnogorski borci dostojno predstavili na velikim takmi\u010denjima. Svi ti uspjesi rezultat su predanog zajedni\u010dkog rada, selektora Gorana Radonji\u0107a. trenera seniorske Andreja \u0110elo\u0161evi\u0107a i juniorske reprezentacije Janka Kuzmana, kao i trenera u klubovima koji svakodnevno rade sa takmi\u010darima i ula\u017eu ogroman trud da bi od njih napravili prave borce&#8220;, rekao je Strugar.<\/p>","protected":false},"excerpt":{"rendered":"<p>Nemanja \u010ca\u0111enovi\u0107 najbolji je kik bokser Crne Gore, u tradicionalnom izboru Kik boks saveza.<\/p>","protected":false},"author":1,"featured_media":895170,"comment_status":"open","ping_status":"open","sticky":false,"template":"","format":"standard","meta":{"_acf_changed":false,"footnotes":"","jetpack_publicize_message":"","jetpack_publicize_feature_enabled":true,"jetpack_social_post_already_shared":false,"jetpack_social_options":{"image_generator_settings":{"template":"highway","default_image_id":0,"font":"","enabled":false},"version":2}},"categories":[15],"tags":[13701,7041,13596],"naslovna":[],"class_list":["post-895169","post","type-post","status-publish","format-standard","has-post-thumbnail","hentry","category-sport","tag-kbscg","tag-kik-boks-2","tag-nemanja-cadjenovic"],"acf":[],"jetpack_publicize_connections":[],"_links":{"self":[{"href":"https:\/\/gradski.me\/en\/wp-json\/wp\/v2\/posts\/895169","targetHints":{"allow":["GET"]}}],"collection":[{"href":"https:\/\/gradski.me\/en\/wp-json\/wp\/v2\/posts"}],"about":[{"href":"https:\/\/gradski.me\/en\/wp-json\/wp\/v2\/types\/post"}],"author":[{"embeddable":true,"href":"https:\/\/gradski.me\/en\/wp-json\/wp\/v2\/users\/1"}],"replies":[{"embeddable":true,"href":"https:\/\/gradski.me\/en\/wp-json\/wp\/v2\/comments?post=895169"}],"version-history":[{"count":0,"href":"https:\/\/gradski.me\/en\/wp-json\/wp\/v2\/posts\/895169\/revisions"}],"wp:featuredmedia":[{"embeddable":true,"href":"https:\/\/gradski.me\/en\/wp-json\/wp\/v2\/media\/895170"}],"wp:attachment":[{"href":"https:\/\/gradski.me\/en\/wp-json\/wp\/v2\/media?parent=895169"}],"wp:term":[{"taxonomy":"category","embeddable":true,"href":"https:\/\/gradski.me\/en\/wp-json\/wp\/v2\/categories?post=895169"},{"taxonomy":"post_tag","embeddable":true,"href":"https:\/\/gradski.me\/en\/wp-json\/wp\/v2\/tags?post=895169"},{"taxonomy":"naslovna","embeddable":true,"href":"https:\/\/gradski.me\/en\/wp-json\/wp\/v2\/naslovna?post=895169"}],"curies":[{"name":"wp","href":"https:\/\/api.w.org\/{rel}","templated":true}]}}