{"id":894671,"date":"2025-12-17T11:13:00","date_gmt":"2025-12-17T10:13:00","guid":{"rendered":"https:\/\/gradski.me\/?p=894671"},"modified":"2025-12-17T11:13:00","modified_gmt":"2025-12-17T10:13:00","slug":"hor-zvjezdice-koncertom-u-subotu-obiljezic-jubilej-40-godina-postojanja-i-rada","status":"publish","type":"post","link":"https:\/\/gradski.me\/en\/kultura\/hor-zvjezdice-koncertom-u-subotu-obiljezic-jubilej-40-godina-postojanja-i-rada\/","title":{"rendered":"Hor Zvjezdice koncertom u subotu obilje\u017ei\u0107 jubilej, 40 godina postojanja i rada"},"content":{"rendered":"<p><\/p>\n\n\n\n<p>Na velikoj sceni KIC-a \u201eBudo Tomovi\u0107\u201c, u okviru manifestacije DEUS (Decembarska umjetni\u010dka scena), vi\u0161e generacija dje\u010djeg hora ZVJEZDICE uz podr\u0161ku dirigenata Ane i Marka Klepi\u0107a, uz goste iznena\u0111enja, video kola\u017e \u201eZvjezdice kroz vrijeme\u201c, predstavi\u0107e svoje muzi\u010dko stvarala\u0161tvo tokom \u010detiri decenije i podsjetiti publiku na vje\u010dne hitove dje\u010dje muzike \u2013 Zujalica, Ka\u010damak, Tata ugasi mrak, Zimska idila, Hajde da se dru\u017eimo i dr.&nbsp;&nbsp; Ve\u010de \u0107e voditi Marija Razi\u0107, novinarka.<\/p>\n\n\n\n<p>&#8222;Dje\u010dji hor Zvjezdice osnovao je 1985. godine prof. Marko Klepi\u0107, a od tada do danas, kroz hor je pro\u0161lo nekoliko hiljada djece Glavnog grada, snimljeno je vi\u0161e stotine emisija \u010diji su u\u010desnici bile Zvjezdice, u\u010destvovali su na desetinama festivala dje\u010dje muzike u zemlji i regionu, otpjevali i snimili vi\u0161e od 600 pjesama, a ve\u0107 15 godina su pod dirigentskom palicom prof. Ane Klepi\u0107. Dje\u010dji hor \u201eZvjezdice\u201c koji broji 80 \u010dlanova,\u00a0 brend je Podgorice i Crne Gore, a prepoznati su po kvalitetnim izvo\u0111enjima muzike za djecu, brojnim hitovima, solistima, kao i entuzijazmu i ogromnoj ljubavi prema horu i svom gradu&#8220;, stoji u saop\u0161tenju.<\/p>","protected":false},"excerpt":{"rendered":"<p>Popularni dje\u010diji hor ZVJEZDICE spektakularnim koncertom u subotu, 20. decembra sa po\u010detkom u 19h, obilje\u017ei\u0107e va\u017ean jubilej \u2013 40 godina postojanja i rada.<\/p>","protected":false},"author":1,"featured_media":894672,"comment_status":"open","ping_status":"open","sticky":false,"template":"","format":"standard","meta":{"_acf_changed":false,"footnotes":"","jetpack_publicize_message":"","jetpack_publicize_feature_enabled":true,"jetpack_social_post_already_shared":false,"jetpack_social_options":{"image_generator_settings":{"template":"highway","default_image_id":0,"font":"","enabled":false},"version":2}},"categories":[11],"tags":[15655,15656,4038],"naslovna":[],"class_list":["post-894671","post","type-post","status-publish","format-standard","has-post-thumbnail","hentry","category-kultura","tag-40-god","tag-hor-zvjezdice-2","tag-jubilej"],"acf":[],"jetpack_publicize_connections":[],"_links":{"self":[{"href":"https:\/\/gradski.me\/en\/wp-json\/wp\/v2\/posts\/894671","targetHints":{"allow":["GET"]}}],"collection":[{"href":"https:\/\/gradski.me\/en\/wp-json\/wp\/v2\/posts"}],"about":[{"href":"https:\/\/gradski.me\/en\/wp-json\/wp\/v2\/types\/post"}],"author":[{"embeddable":true,"href":"https:\/\/gradski.me\/en\/wp-json\/wp\/v2\/users\/1"}],"replies":[{"embeddable":true,"href":"https:\/\/gradski.me\/en\/wp-json\/wp\/v2\/comments?post=894671"}],"version-history":[{"count":0,"href":"https:\/\/gradski.me\/en\/wp-json\/wp\/v2\/posts\/894671\/revisions"}],"wp:featuredmedia":[{"embeddable":true,"href":"https:\/\/gradski.me\/en\/wp-json\/wp\/v2\/media\/894672"}],"wp:attachment":[{"href":"https:\/\/gradski.me\/en\/wp-json\/wp\/v2\/media?parent=894671"}],"wp:term":[{"taxonomy":"category","embeddable":true,"href":"https:\/\/gradski.me\/en\/wp-json\/wp\/v2\/categories?post=894671"},{"taxonomy":"post_tag","embeddable":true,"href":"https:\/\/gradski.me\/en\/wp-json\/wp\/v2\/tags?post=894671"},{"taxonomy":"naslovna","embeddable":true,"href":"https:\/\/gradski.me\/en\/wp-json\/wp\/v2\/naslovna?post=894671"}],"curies":[{"name":"wp","href":"https:\/\/api.w.org\/{rel}","templated":true}]}}