{"id":894317,"date":"2025-12-16T18:59:44","date_gmt":"2025-12-16T17:59:44","guid":{"rendered":"https:\/\/gradski.me\/?p=894317"},"modified":"2025-12-16T18:59:44","modified_gmt":"2025-12-16T17:59:44","slug":"dembele-najbolji-fudbaler-svijeta-za-2025-godinu","status":"publish","type":"post","link":"https:\/\/gradski.me\/en\/sport\/dembele-najbolji-fudbaler-svijeta-za-2025-godinu\/","title":{"rendered":"Dembele najbolji fudbaler svijeta za 2025. godinu"},"content":{"rendered":"<p>Za razliku od Zlatne lopte, koja se dodjeljuje za dostignu\u0107a u sezoni, nagrada FIFA The Best uru\u010duje se najboljem fudbaleru svijeta u jednoj kalendarskoj godini.<\/p>\n\n\n\n<figure class=\"wp-block-embed is-type-rich is-provider-twitter wp-block-embed-twitter\"><div class=\"wp-block-embed__wrapper\">\n<blockquote class=\"twitter-tweet\" data-width=\"550\" data-dnt=\"true\"><p lang=\"es\" dir=\"ltr\">\ud83d\udc51 \ud835\udc03\ud835\udc1e\ud835\udc26\ud835\udc1b\ud835\udc1e\u0301\ud835\udc25\ud835\udc1e\u0301 \ud835\udc1e\ud835\udc2c \ud835\udc13\ud835\udc21\ud835\udc1e \ud835\udc01\ud835\udc1e\ud835\udc2c\ud835\udc2d  <br><br>\ud83d\udd1d El franc\u00e9s gana el premio FIFA a mejor jugador del a\u00f1o. Suma este galard\u00f3n al Bal\u00f3n de Oro logrado en septiembre <a href=\"https:\/\/twitter.com\/hashtag\/TheBest?src=hash&amp;ref_src=twsrc%5Etfw\" target=\"_blank\" rel=\"noopener\">#TheBest<\/a> <a href=\"https:\/\/t.co\/K1Uvx0ONFL\">pic.twitter.com\/K1Uvx0ONFL<\/a><\/p>&mdash; Diario AS (@diarioas) <a href=\"https:\/\/twitter.com\/diarioas\/status\/2000984805249364074?ref_src=twsrc%5Etfw\" target=\"_blank\" rel=\"noopener\">December 16, 2025<\/a><\/blockquote><script async src=\"https:\/\/platform.twitter.com\/widgets.js\" charset=\"utf-8\"><\/script>\n<\/div><\/figure>\n\n\n\n<p>Ceremonija, koju je vodio legendarni Italijan Alesandro Del Pjero, odr\u017eana je u Dohi, gdje je dodijeljeno vi\u0161e priznanja. Prije svega, argentinski fudbaler Santjago Montijel dobio je nagradu za najljep\u0161i gol u 2025. godini. \u010clan argentinskog Independijentea nagra\u0111en je za spektakularan pogodak makazicama iz maja ove godine.<\/p>\n\n\n\n<p>Nagradu za najboljeg golmana svijeta osvojio je italijanski \u010duvar mre\u017ee i \u010dlan Man\u010dester Sitija, \u0110anlui\u0111i Donaruma. Istovremeno, \u0161panski stru\u010dnjak na klupi PS\u017d-a, Luis Enrike, progla\u0161en je za najboljeg trenera svijeta za 2025. godinu. U \u017eenskoj konkurenciji, priznanje je pripalo selektorki Engleske Sarini Vigman.<\/p>\n\n\n\n<p>Na kraju, izabran je i najbolji fudbaler svijeta, a to je Usman Dembele, koji je tako objedinio Zlatnu loptu i nagradu FIFA The Best. Priznanje za najbolju fudbalerku svijeta dobila je Ajitana Bonmati.<\/p>\n\n\n\n<p>Prema navodima ESPN-a, Usman Dembele je prvi osvaja\u010d nagrade FIFA The Best koji se pojavio na ceremoniji i li\u010dno preuzeo priznanje.<\/p>","protected":false},"excerpt":{"rendered":"<p>Krovna ku\u0107a svjetskog fudbala (FIFA) na ve\u010dera\u0161njoj ceremoniji u Dohi (Katar) proglasila je najboljeg fudbalera svijeta za 2025. godinu, a to je Usman Dembele, francuski fudbaler iz redova Pari Sen \u017dermena (PS\u017d). Za one koji to ne znaju, FIFA-ina nagrada nije isto \u0161to i Zlatna lopta, koja se smatra najve\u0107im priznanjem u svijetu fudbala.<\/p>","protected":false},"author":1,"featured_media":894320,"comment_status":"open","ping_status":"open","sticky":false,"template":"","format":"standard","meta":{"_acf_changed":false,"footnotes":"","jetpack_publicize_message":"","jetpack_publicize_feature_enabled":true,"jetpack_social_post_already_shared":false,"jetpack_social_options":{"image_generator_settings":{"template":"highway","default_image_id":0,"font":"","enabled":false},"version":2}},"categories":[15],"tags":[6650,15622,15623],"naslovna":[],"class_list":["post-894317","post","type-post","status-publish","format-standard","has-post-thumbnail","hentry","category-sport","tag-fifa","tag-the-best-fifa-football-awards","tag-usman-dembele"],"acf":[],"jetpack_publicize_connections":[],"_links":{"self":[{"href":"https:\/\/gradski.me\/en\/wp-json\/wp\/v2\/posts\/894317","targetHints":{"allow":["GET"]}}],"collection":[{"href":"https:\/\/gradski.me\/en\/wp-json\/wp\/v2\/posts"}],"about":[{"href":"https:\/\/gradski.me\/en\/wp-json\/wp\/v2\/types\/post"}],"author":[{"embeddable":true,"href":"https:\/\/gradski.me\/en\/wp-json\/wp\/v2\/users\/1"}],"replies":[{"embeddable":true,"href":"https:\/\/gradski.me\/en\/wp-json\/wp\/v2\/comments?post=894317"}],"version-history":[{"count":0,"href":"https:\/\/gradski.me\/en\/wp-json\/wp\/v2\/posts\/894317\/revisions"}],"wp:featuredmedia":[{"embeddable":true,"href":"https:\/\/gradski.me\/en\/wp-json\/wp\/v2\/media\/894320"}],"wp:attachment":[{"href":"https:\/\/gradski.me\/en\/wp-json\/wp\/v2\/media?parent=894317"}],"wp:term":[{"taxonomy":"category","embeddable":true,"href":"https:\/\/gradski.me\/en\/wp-json\/wp\/v2\/categories?post=894317"},{"taxonomy":"post_tag","embeddable":true,"href":"https:\/\/gradski.me\/en\/wp-json\/wp\/v2\/tags?post=894317"},{"taxonomy":"naslovna","embeddable":true,"href":"https:\/\/gradski.me\/en\/wp-json\/wp\/v2\/naslovna?post=894317"}],"curies":[{"name":"wp","href":"https:\/\/api.w.org\/{rel}","templated":true}]}}