{"id":893894,"date":"2025-12-16T11:49:32","date_gmt":"2025-12-16T10:49:32","guid":{"rendered":"https:\/\/gradski.me\/?p=893894"},"modified":"2025-12-16T11:49:32","modified_gmt":"2025-12-16T10:49:32","slug":"autori-skolskog-udzbenika-koji-na-grub-i-neprihvatljiv-nacin-diskriminisu-policijske-sluzbenike","status":"publish","type":"post","link":"https:\/\/gradski.me\/en\/drustvo\/autori-skolskog-udzbenika-koji-na-grub-i-neprihvatljiv-nacin-diskriminisu-policijske-sluzbenike\/","title":{"rendered":"&#8222;Autori \u0161kolskog ud\u017ebenika koji na grub i neprihvatljiv na\u010din diskrimini\u0161u policijske slu\u017ebenike&#8220;"},"content":{"rendered":"<p><\/p>\n\n\n\n<p>Navode da osje\u0107aje poni\u017eenosti i osramo\u0107enosti koje su imali ju\u010de danas su zamijenili osje\u0107aji dubokog razo\u010darenja i iskrene zabrinutosti.<\/p>\n\n\n\n<p>&#8222;Ko vaspitava na\u0161u djecu, ko stvara i formira generacije koje treba da vode ovu dr\u017eavu? Kome smo mi to u ruke predali mo\u017eda i najva\u017eniju aktivnost jednog dru\u0161tva, obrazovanje?&#8220;, pitaju se iz Sindikata.<\/p>\n\n\n\n<p>Ka\u017eu da su se nadali obja\u0161njenju i \u017eelji za prevazila\u017eenjem ove mu\u010dne situacije, neki mo\u017eda \u010dak i izvinjenju, ali kako ka\u017eu uzalud. <\/p>\n\n\n\n<p>&#8222;Umjesto svega toga dobili smo autore \u0161kolskog ud\u017ebenika \u201eCrnogorski jezik za II razred gimnazije\u201c jo\u0161 dublje ukopane u sopstvene rovove mr\u017enje, nipoda\u0161tavanja i diskriminacije. Oni to vi\u0161e i ne kriju. Niti mogu niti se trude&#8220;, rekli su iz SIndikata.<\/p>\n\n\n\n<p>Autorski tandem \u010cirgi\u0107-\u0160u\u0161anj, kako ka\u017eu, u svom reagovanju tvrdi da se radi o vicu oni se pitaju \u0161ta tra\u017ei vic u \u0161kolskom ud\u017ebeniku.<\/p>\n\n\n\n<p>&#8222;Mo\u017eda poku\u0161avaju da nam ka\u017eu da su u crnogorsko obrazovanje uveli revolucionarni sistem obrazovanja djece i omladine na bazi viceva a mi, ovakvi kakvi smo, to ne razumijemo. No, mi smo manje bitni ali bi Crna Gora mogla da profitira od ove ingeniozne ideje. Ako Nobelov komitet \u010duje za ovaj revolucionarni na\u010din obrazovanja eto dr\u017eavi dva dobitnika nagrade&#8220;, rekli su u saop\u0161tenju.<\/p>\n\n\n\n<p>&#8222;Pozivaju\u0107i u pomo\u0107 stilistiku, morfologiju i sintaksu vrlo podlo nam jo\u0161 jednom poru\u010duju da smo nepismeni. To vi\u0161e nije propust, gre\u0161ka ili slu\u010dajnost, vrlo je jasno da se radi o o\u010diglednoj namjeri&#8220;, poru\u010duju oni.<\/p>\n\n\n\n<p>Tako\u0111e dodaju da je zabrinjavaju\u0107e, a o tome najvi\u0161e ra\u010duna mora da povede Ministarstvo prosvjete, nauke i inovacija, da priliku za pisanje \u0161kolskih ud\u017ebenika dobijaju ljudi koji svojim javnim nastupima siju mr\u017enju, podjele i razdor u crnogorskom dru\u0161tvu, kao i da ih jo\u0161 vi\u0161e zabrinjava \u0161to ti ljudi koriste priliku da sve to plasiraju upravo preko \u0161kolskih ud\u017ebenika.<\/p>\n\n\n\n<p>&#8222;No, \u0161ta smo drugo mogli o\u010dekivati od gospodin \u010cirgi\u0107a? \u010covjeka koji je za policiju rekao da je \u201eFa\u0161isti\u010dka falanga\u201c pa nastavio:\u201cTa \u017egadija koja sramoti crnogorski grb koji nosi na uniformi &#8230;\u201c i zavr\u0161io tako \u0161to je policajce nazvao psima. Sa potpunim pravom pitamo nadle\u017ene dr\u017eavne institucije da li je ovo govor mr\u017enje? Ako misle da nije da nam onda objasne \u0161ta jeste&#8220;, rekli su u saop\u0161tenju.<\/p>\n\n\n\n<p>Do tada, kako ka\u017eu, \u017eele gospodinu \u010cirgi\u0107u dati nekoliko poja\u0161njenja.<\/p>\n\n\n\n<p>&#8222;Gospodinu \u010cirgi\u0107u, koliko god da je umi\u0161ljen i da ima iskrivljenu sliku o sopstvenoj veli\u010dini i va\u017enosti ne\u0107emo dozvoliti da nas naziva fa\u0161istima. Potomci hrabrog, slobodoljubivog crnogorskog naroda koji je prvi u Evropi ustao protiv tog istog fa\u0161izma, krvlju svojih najboljih sinova platio toliko \u017eeljenu slobodu nikada nisu niti \u0107e biti fa\u0161isti. Njemu li\u010dno, ne branimo da preispita sam sebe&#8220;, naveli su iz Sindikata.<\/p>\n\n\n\n<p>Gospodin \u010cirgi\u0107, kako ka\u017eu, o\u010digledno ima metar za mjerenje patriotizma pa bi morao znati da su njegove vrijednosti potpuno iskrivljene i beskorisne. Isti\u010du i da crnogorski policajci nose crnogorski grb u srcu svakog dana, kako poru\u010duju, iz \u010diste ljubavi, osje\u0107aja pripadnosti, odanosti i po\u017ertvovanja kao i zato \u0161to vole svoju dr\u017eavu. <\/p>\n\n\n\n<p>&#8222;Crnogorski policajac nije patriota po potrebi. Ne pokazuje ljubav prema Crnoj Gori samo kada treba ugrabiti neku dobru apana\u017eu, zauzeti neku dobru, ni\u010dim zaslu\u017eenu, poziciju i u\u017eivati u razli\u010ditim sinekurama. Ne, crnogorski policajac se ne vodi tom \u201eljubavlju\u201c, njegova ljubav prema ovoj dr\u017eavi je \u010dista i neiskvarena&#8220;, kazali su u saop\u0161tenju.<\/p>\n\n\n\n<p>Osvrnuli su se i na platu koja iznosi 719.10 eura.<\/p>\n\n\n\n<p>&#8222;Na kraju, da\u0107emo sebi slobodu da damo i jedan sasvim dobronamjeran savjet. Nismo doktori ali predla\u017eemo gospodinu \u010cirgi\u0107u da se mane mr\u017enje. Dobro \u0107e \u010diniti i njemu i svima oko njega. Te\u017eak je to teret&#8220;, zaklju\u010duju iz Sindikata.<\/p>","protected":false},"excerpt":{"rendered":"<p>Autori \u0161kolskog ud\u017ebenika koji na grub i neprihvatljiv na\u010din diskrimini\u0161u policijske slu\u017ebenike i policijsku profesiju ne samo da ne odustaju ve\u0107 i nastavljaju bez oklijevanja da propagiraju mr\u017enju i diskriminaciju, reagovali su iz Nezavisnog sindikata policije na saop\u0161tenje koje su ju\u010de dali autori \u0161kolskog ud\u017ebenika &#8222;Crnogorski jezik za II razred gimnazije&#8220; Adnan \u010cirgi\u0107 i Jelena \u0160u\u0161anj.<\/p>","protected":false},"author":1,"featured_media":430747,"comment_status":"open","ping_status":"open","sticky":false,"template":"","format":"standard","meta":{"_acf_changed":false,"footnotes":"","jetpack_publicize_message":"","jetpack_publicize_feature_enabled":true,"jetpack_social_post_already_shared":false,"jetpack_social_options":{"image_generator_settings":{"template":"highway","default_image_id":0,"font":"","enabled":false},"version":2}},"categories":[9],"tags":[15557,188,4156],"naslovna":[],"class_list":["post-893894","post","type-post","status-publish","format-standard","has-post-thumbnail","hentry","category-drustvo","tag-adnan-cirgic","tag-crna-gora","tag-nezavisni-sindikat-policije"],"acf":[],"jetpack_publicize_connections":[],"_links":{"self":[{"href":"https:\/\/gradski.me\/en\/wp-json\/wp\/v2\/posts\/893894","targetHints":{"allow":["GET"]}}],"collection":[{"href":"https:\/\/gradski.me\/en\/wp-json\/wp\/v2\/posts"}],"about":[{"href":"https:\/\/gradski.me\/en\/wp-json\/wp\/v2\/types\/post"}],"author":[{"embeddable":true,"href":"https:\/\/gradski.me\/en\/wp-json\/wp\/v2\/users\/1"}],"replies":[{"embeddable":true,"href":"https:\/\/gradski.me\/en\/wp-json\/wp\/v2\/comments?post=893894"}],"version-history":[{"count":0,"href":"https:\/\/gradski.me\/en\/wp-json\/wp\/v2\/posts\/893894\/revisions"}],"wp:featuredmedia":[{"embeddable":true,"href":"https:\/\/gradski.me\/en\/wp-json\/wp\/v2\/media\/430747"}],"wp:attachment":[{"href":"https:\/\/gradski.me\/en\/wp-json\/wp\/v2\/media?parent=893894"}],"wp:term":[{"taxonomy":"category","embeddable":true,"href":"https:\/\/gradski.me\/en\/wp-json\/wp\/v2\/categories?post=893894"},{"taxonomy":"post_tag","embeddable":true,"href":"https:\/\/gradski.me\/en\/wp-json\/wp\/v2\/tags?post=893894"},{"taxonomy":"naslovna","embeddable":true,"href":"https:\/\/gradski.me\/en\/wp-json\/wp\/v2\/naslovna?post=893894"}],"curies":[{"name":"wp","href":"https:\/\/api.w.org\/{rel}","templated":true}]}}