{"id":893765,"date":"2025-12-16T08:30:28","date_gmt":"2025-12-16T07:30:28","guid":{"rendered":"https:\/\/gradski.me\/?p=893765"},"modified":"2026-03-06T20:49:48","modified_gmt":"2026-03-06T19:49:48","slug":"milatovic-danas-na-sjednici-skupstine","status":"publish","type":"post","link":"https:\/\/gradski.me\/en\/politika\/milatovic-danas-na-sjednici-skupstine\/","title":{"rendered":"Milatovi\u0107 today at the Assembly session"},"content":{"rendered":"<p><br><\/p>\n\n\n\n<p><br>It is, as stated, about the proposal for the election of a member of the Fiscal Council of Montenegro and the proposal for the Protector of Human Rights and Freedoms.<\/p>\n\n\n\n<p>\"We remind you that on March 7, 2025, President Milatovi\u0107 proposed Stevan Gajevi\u0107 as a member of the Fiscal Council of Montenegro, while on December 4, 2025, he proposed Sini\u0161a Bjekovi\u0107 as the Protector of Human Rights and Freedoms.<\/p>\n\n\n\n<p>In his speech, President Milatovi\u0107 will point out the importance of strengthening institutions that ensure fiscal responsibility, transparency and effective protection of human rights and freedoms, as the foundation of citizens' trust in the state and its democratic order,\" the announcement states.<\/p>\n\n\n\n<p><\/p>","protected":false},"excerpt":{"rendered":"<p>The President of Montenegro, Jakov Milatovi\u0107, will attend today's session of the Parliament of Montenegro, where he will explain the proposals he previously sent to the Parliament. This was announced by Milatovi\u0107's Cabinet.<\/p>","protected":false},"author":1,"featured_media":732800,"comment_status":"open","ping_status":"open","sticky":false,"template":"","format":"standard","meta":{"_acf_changed":false,"footnotes":"","jetpack_publicize_message":"","jetpack_publicize_feature_enabled":true,"jetpack_social_post_already_shared":false,"jetpack_social_options":{"image_generator_settings":{"template":"highway","default_image_id":0,"font":"","enabled":false},"version":2}},"categories":[7],"tags":[4342,2950,451],"naslovna":[],"class_list":["post-893765","post","type-post","status-publish","format-standard","has-post-thumbnail","hentry","category-politika","tag-milatovic-3","tag-sjednica","tag-skupstina"],"acf":[],"jetpack_publicize_connections":[],"_links":{"self":[{"href":"https:\/\/gradski.me\/en\/wp-json\/wp\/v2\/posts\/893765","targetHints":{"allow":["GET"]}}],"collection":[{"href":"https:\/\/gradski.me\/en\/wp-json\/wp\/v2\/posts"}],"about":[{"href":"https:\/\/gradski.me\/en\/wp-json\/wp\/v2\/types\/post"}],"author":[{"embeddable":true,"href":"https:\/\/gradski.me\/en\/wp-json\/wp\/v2\/users\/1"}],"replies":[{"embeddable":true,"href":"https:\/\/gradski.me\/en\/wp-json\/wp\/v2\/comments?post=893765"}],"version-history":[{"count":1,"href":"https:\/\/gradski.me\/en\/wp-json\/wp\/v2\/posts\/893765\/revisions"}],"predecessor-version":[{"id":921971,"href":"https:\/\/gradski.me\/en\/wp-json\/wp\/v2\/posts\/893765\/revisions\/921971"}],"wp:featuredmedia":[{"embeddable":true,"href":"https:\/\/gradski.me\/en\/wp-json\/wp\/v2\/media\/732800"}],"wp:attachment":[{"href":"https:\/\/gradski.me\/en\/wp-json\/wp\/v2\/media?parent=893765"}],"wp:term":[{"taxonomy":"category","embeddable":true,"href":"https:\/\/gradski.me\/en\/wp-json\/wp\/v2\/categories?post=893765"},{"taxonomy":"post_tag","embeddable":true,"href":"https:\/\/gradski.me\/en\/wp-json\/wp\/v2\/tags?post=893765"},{"taxonomy":"naslovna","embeddable":true,"href":"https:\/\/gradski.me\/en\/wp-json\/wp\/v2\/naslovna?post=893765"}],"curies":[{"name":"wp","href":"https:\/\/api.w.org\/{rel}","templated":true}]}}