{"id":893419,"date":"2025-12-15T17:03:00","date_gmt":"2025-12-15T16:03:00","guid":{"rendered":"https:\/\/gradski.me\/?p=893419"},"modified":"2025-12-15T17:03:00","modified_gmt":"2025-12-15T16:03:00","slug":"bijelo-polje-smolovic-trazi-subvencije-na-struju","status":"publish","type":"post","link":"https:\/\/gradski.me\/en\/drustvo\/bijelo-polje-smolovic-trazi-subvencije-na-struju\/","title":{"rendered":"Bijelo Polje: Smolovi\u0107 tra\u017ei subvencije na struju"},"content":{"rendered":"<p><\/p>\n\n\n\n<p>U dopisu, kako pi\u0161e RTCG, se navodi da se Bijelo Polje godinama suo\u010dava s ozbiljnim zaga\u0111enjem vazduha tokom zimskog perioda, uz vi\u0161estruka prekora\u010denja dozvoljenih koncentracija PM 10 i PM 2,5 \u010destica, a kao glavni uzrok isti\u010de se oko 14.000 individualnih lo\u017ei\u0161ta na \u010dvrsta goriva u klimatski nepovoljnoj kotlini.<\/p>\n\n\n\n<p>Smolovi\u0107 ukazuje da su Op\u0161tina i Eko-fond Crne Gore ve\u0107 sproveli niz mjera, uklju\u010duju\u0107i ugradnju filtera kod industrijskih zaga\u0111iva\u010da, podjelu energetski efikasnih klima ure\u0111aja, subvencije za termo-fasade, zamjenu lo\u017ei\u0161ta kotlovima na pelet i podr\u0161ku za toplotne pumpe, ali da one nijesu dovoljne bez dodatne podr\u0161ke dr\u017eave.<\/p>\n\n\n\n<p>Zbog visokih tro\u0161kova elektri\u010dne energije, veliki broj doma\u0107instava i dalje koristi ugalj i drva, pa se predla\u017ee uvo\u0111enje popusta od najmanje 50 odsto na cijenu struje u zimskim mjesecima, kako bi se podstakao prelazak na efikasne elektri\u010dne sisteme grijanja i smanjila upotreba \u010dvrstih goriva.<\/p>\n\n\n\n<p>U dopisu se navodi da bi ova mjera imala pozitivan efekat na zdravlje gra\u0111ana, smanjenje tro\u0161kova lije\u010denja i ispunjavanje evropskih ciljeva u oblasti energetske efikasnosti. Smolovi\u0107 dodaje da trajno rje\u0161enje vidi u toplifikaciji grada na bazi ekolo\u0161ki prihvatljive bio-energije, za koju postoji interesovanje stranih investitora, ali da projekat ve\u0107 du\u017ee \u010deka institucionalnu podr\u0161ku dr\u017eave.<\/p>","protected":false},"excerpt":{"rendered":"<p>Predsjednik Op\u0161tine Bijelo Polje Petar Smolovi\u0107 uputio je zahtjev predsjedniku Vlade Crne Gore Milojku Spaji\u0107u i predsjedniku Odbora direktora Elektroprivrede Crne Gore za uvo\u0111enje zimskog popusta na cijene elektri\u010dne energije i sistemsko rje\u0161enje grijanja, s ciljem smanjenja zaga\u0111enja vazduha u toj op\u0161tini. Smatra da bi, po uzoru na Pljevlja, trebalo uvesti poseban re\u017eim subvencionisane cijene struje za Bijelo Polje.<\/p>","protected":false},"author":1,"featured_media":893421,"comment_status":"open","ping_status":"open","sticky":false,"template":"","format":"standard","meta":{"_acf_changed":false,"footnotes":"","jetpack_publicize_message":"","jetpack_publicize_feature_enabled":true,"jetpack_social_post_already_shared":false,"jetpack_social_options":{"image_generator_settings":{"template":"highway","default_image_id":0,"font":"","enabled":false},"version":2}},"categories":[9],"tags":[1347,3531],"naslovna":[],"class_list":["post-893419","post","type-post","status-publish","format-standard","has-post-thumbnail","hentry","category-drustvo","tag-bijelo-polje","tag-petar-smolovic"],"acf":[],"jetpack_publicize_connections":[],"_links":{"self":[{"href":"https:\/\/gradski.me\/en\/wp-json\/wp\/v2\/posts\/893419","targetHints":{"allow":["GET"]}}],"collection":[{"href":"https:\/\/gradski.me\/en\/wp-json\/wp\/v2\/posts"}],"about":[{"href":"https:\/\/gradski.me\/en\/wp-json\/wp\/v2\/types\/post"}],"author":[{"embeddable":true,"href":"https:\/\/gradski.me\/en\/wp-json\/wp\/v2\/users\/1"}],"replies":[{"embeddable":true,"href":"https:\/\/gradski.me\/en\/wp-json\/wp\/v2\/comments?post=893419"}],"version-history":[{"count":0,"href":"https:\/\/gradski.me\/en\/wp-json\/wp\/v2\/posts\/893419\/revisions"}],"wp:featuredmedia":[{"embeddable":true,"href":"https:\/\/gradski.me\/en\/wp-json\/wp\/v2\/media\/893421"}],"wp:attachment":[{"href":"https:\/\/gradski.me\/en\/wp-json\/wp\/v2\/media?parent=893419"}],"wp:term":[{"taxonomy":"category","embeddable":true,"href":"https:\/\/gradski.me\/en\/wp-json\/wp\/v2\/categories?post=893419"},{"taxonomy":"post_tag","embeddable":true,"href":"https:\/\/gradski.me\/en\/wp-json\/wp\/v2\/tags?post=893419"},{"taxonomy":"naslovna","embeddable":true,"href":"https:\/\/gradski.me\/en\/wp-json\/wp\/v2\/naslovna?post=893419"}],"curies":[{"name":"wp","href":"https:\/\/api.w.org\/{rel}","templated":true}]}}