{"id":893209,"date":"2025-12-15T13:38:00","date_gmt":"2025-12-15T12:38:00","guid":{"rendered":"https:\/\/gradski.me\/?p=893209"},"modified":"2025-12-15T13:38:00","modified_gmt":"2025-12-15T12:38:00","slug":"bojovic-smanjenjem-racuna-za-struju-nece-se-postici-rjesavanje-problema-za-ljude-koji-vec-decenijama-zive-u-ekocidu","status":"publish","type":"post","link":"https:\/\/gradski.me\/en\/politika\/bojovic-smanjenjem-racuna-za-struju-nece-se-postici-rjesavanje-problema-za-ljude-koji-vec-decenijama-zive-u-ekocidu\/","title":{"rendered":"Bojovi\u0107: Reducing the electricity bill will not solve the problem for people who have been living in ecocide for decades"},"content":{"rendered":"<p><\/p>\n\n\n\n<p>&#8222;Pljevlja i Pljevljaci su u vanrednoj situaciji i u vanrednom stanju zapitani da li \u0107e kona\u010dno neko ne\u0161to preduzeti. O\u010dekujemo da se centralna vlast u skladu sa tim postavi i pona\u0161a, preduzimaju\u0107i sve \u0161to je potrebno kako bi se sprije\u010dilo da gra\u0111ani i pogotovo djeca, kojih je ionako premalo u na\u0161em gradu, nastave da obolijevaju&#8220;, navodi Bojovi\u0107. <\/p>\n\n\n\n<p>Stoga, kako navodi, apsolutno nije dovoljno smanjiti iznos ra\u010duna za struju na tri mjeseca za gra\u0111ane Pljevalja, niti je dovoljno osloboditi ih te obaveze, imaju\u0107i u vidu da ekolo\u0161ka rekonstrukcija Termoelektrane jo\u0161 uvijek nije zavr\u0161ena, niti se zna pouzdano kada \u0107e biti zavr\u0161ena toplifikacija. Dodaje da osloba\u0111anjem ili smanjenjem ra\u010duna za struju ne\u0107e se posti\u0107i rje\u0161avanje problema za ljude koji ve\u0107 decenijama \u017eive u ekocidu. <\/p>\n\n\n\n<p>&#8222;Ovako ispada da se Pljevljacima zapravo nudi da novac koji bi u\u0161tedjeli pla\u0107anjem manjeg ra\u010duna za struju iskoriste za preglede, tablete, preparate za lije\u010denje a na\u017ealost i za hemioterapije. Zbog toga je ovako ne\u0161to predlagati posle toliko decenija obolijevanja i preranog umiranja u i\u0161\u010dekanju klju\u010dnih mjera i investicija i poni\u017eavaju\u0107e i nedopustivo&#8220;, rekao je Bojovi\u0107.<\/p>\n\n\n\n<p>Prema njegovim rije\u010dima \u010dinjenica je da smo u vrijeme vladavine DPS-a u kontinuitetu imali ignorantski odnos centralne vlasti i rukovodstva EPCG prema Pljevljima i kada su u pitanju zahtjevi da se za\u0161titi zdravlje i \u017eivot Pljevljaka. <\/p>\n\n\n\n<p>&#8222;Sjetimo se da su u vi\u0161e navrata organizovani protesti, tra\u017eeno je uvo\u0111enje vanrednog stanja, tra\u017eene su vanredne sjednice Skup\u0161tine Crne Gore koje se nikada nisu odr\u017eale, samo zbog bahatog i poni\u017eavaju\u0107eg odnosa i odbijanja tada\u0161njih vladaju\u0107ih struktura. \u010cak se sa vrha tada\u0161nje dr\u017eavne vlasti ne samo relativizovala odgovornost i opravdanost, ve\u0107 su se zbijale neukusne \u0161ale na ra\u010dun zahtjeva Pljevljaka da se ekolo\u0161ka situacija u na\u0161em gradu kona\u010dno i za sva vremena dovede na nivo zadovoljavaju\u0107ih standarda. Ne smijemo dozovoliti da se takav odnos ponovi, pogotovo \u0161to najnoviji pokazatelji ukazuju da mjere koje su do sada preduzete nisu dale ni pribli\u017eno odgovaraju\u0107e rezultate&#8220;, isti\u010de Bojovi\u0107.<\/p>\n\n\n\n<p>Dodaje da gra\u0111ani imaju puno pravo da budu ne samo razo\u010darani, ve\u0107 i ogor\u010deni i da stoga, upravo odnos centralne vlasti prema Pljevljima u ovoj situaciji treba da potvrdi da su Pljevlja zaista grad u Crnoj Gori i da ga centralna vlast tako posmatra, u vidu konkretnih mjera za\u0161tite prava i interesa gra\u0111ana ovog grada, a ne samo kada od Pljevalja treba uzimati.<\/p>\n\n\n\n<p>Poslanik smatra da je neprihvatljivo da zbog puke formalnosti bivaju odbijeni za subvenciju za nabavku pe\u0107i na pelet brojni gra\u0111ani Pljevalja koji bi pre\u0161li na tu vrstu grijanja, kao i da za drugu polovinu ove godine uop\u0161te nije planiran novi javni poziv za tu vrstu subvencije za Pljevljake.<\/p>\n\n\n\n<p>&#8222;Pitamo, zbog \u010dega su probijeni rokovi u realizaciji projekta ekolo\u0161ke rekontrukcije i zbog \u010dega je Termoelektrana pu\u0161tena u rad a da ovaj posao prvobitno nije zavr\u0161en? Ako ve\u0107 Termoelektrana mora da nastavi da radi, to se ne mo\u017ee dozvoliti a da prethodno ne budu obezbije\u0111eni svi uslovi i ispunjeni najvi\u0161i standardi u za\u0161titi zdravlja i \u017eivota gra\u0111ana Pljevalja&#8220;, navodi u saop\u0161tenju.<\/p>\n\n\n\n<p>Tako\u0111e zaklju\u010duje da mjere postoje i da je novac mogu\u0107e obezbijediti za ovaj grad koji je toliko dao Crnoj Gori, samo ako postoji volja.<\/p>\n\n\n\n<p><\/p>","protected":false},"excerpt":{"rendered":"<p>Poslanik DNP-a Vladislava Bojovi\u0107a, pozvao je sve nadle\u017ene institucije, na \u010delu sa Vladom Crne Gore, da urgentno reaguju u situaciji ovako dramati\u010dnog zaga\u0111enja u op\u0161tini Pljevlja i da, po\u0161to ve\u0107 decenijama znamo \u0161ta je uzrok i ko su zaga\u0111iva\u010di, neodlo\u017eno preduzmu sve potrebne mjere kako bi se zaustavila ekolo\u0161ka katastrofa sa rekordnim prekora\u010denjem dozvoljenih vrijednosti \u0161tetnih materija u vazduhu koji udi\u0161emo, pogotovo \u0161to uz to jo\u0161 uvijek imamo problem i sa stanjem na\u0161eg gradskog vodovoda i zaga\u0111eno\u0161\u0107u zemlji\u0161ta.<\/p>","protected":false},"author":1,"featured_media":893214,"comment_status":"open","ping_status":"open","sticky":false,"template":"","format":"standard","meta":{"_acf_changed":false,"footnotes":"","jetpack_publicize_message":"","jetpack_publicize_feature_enabled":true,"jetpack_social_post_already_shared":false,"jetpack_social_options":{"image_generator_settings":{"template":"highway","default_image_id":0,"font":"","enabled":false},"version":2}},"categories":[7],"tags":[188,4159,836,2346,7257],"naslovna":[],"class_list":["post-893209","post","type-post","status-publish","format-standard","has-post-thumbnail","hentry","category-politika","tag-crna-gora","tag-dnp","tag-epcg","tag-pljevlja","tag-vladislav-bojovic"],"acf":[],"jetpack_publicize_connections":[],"_links":{"self":[{"href":"https:\/\/gradski.me\/en\/wp-json\/wp\/v2\/posts\/893209","targetHints":{"allow":["GET"]}}],"collection":[{"href":"https:\/\/gradski.me\/en\/wp-json\/wp\/v2\/posts"}],"about":[{"href":"https:\/\/gradski.me\/en\/wp-json\/wp\/v2\/types\/post"}],"author":[{"embeddable":true,"href":"https:\/\/gradski.me\/en\/wp-json\/wp\/v2\/users\/1"}],"replies":[{"embeddable":true,"href":"https:\/\/gradski.me\/en\/wp-json\/wp\/v2\/comments?post=893209"}],"version-history":[{"count":0,"href":"https:\/\/gradski.me\/en\/wp-json\/wp\/v2\/posts\/893209\/revisions"}],"wp:featuredmedia":[{"embeddable":true,"href":"https:\/\/gradski.me\/en\/wp-json\/wp\/v2\/media\/893214"}],"wp:attachment":[{"href":"https:\/\/gradski.me\/en\/wp-json\/wp\/v2\/media?parent=893209"}],"wp:term":[{"taxonomy":"category","embeddable":true,"href":"https:\/\/gradski.me\/en\/wp-json\/wp\/v2\/categories?post=893209"},{"taxonomy":"post_tag","embeddable":true,"href":"https:\/\/gradski.me\/en\/wp-json\/wp\/v2\/tags?post=893209"},{"taxonomy":"naslovna","embeddable":true,"href":"https:\/\/gradski.me\/en\/wp-json\/wp\/v2\/naslovna?post=893209"}],"curies":[{"name":"wp","href":"https:\/\/api.w.org\/{rel}","templated":true}]}}