{"id":893003,"date":"2025-12-15T10:13:40","date_gmt":"2025-12-15T09:13:40","guid":{"rendered":"https:\/\/gradski.me\/?p=893003"},"modified":"2025-12-15T10:13:40","modified_gmt":"2025-12-15T09:13:40","slug":"podignuta-optuznica-zbog-neovlascene-proizvodnja-i-prodaje-droge","status":"publish","type":"post","link":"https:\/\/gradski.me\/en\/hronika\/podignuta-optuznica-zbog-neovlascene-proizvodnja-i-prodaje-droge\/","title":{"rendered":"Podignuta optu\u017enica zbog neovla\u0161\u0107ene proizvodnja i prodaje droge"},"content":{"rendered":"<p><\/p>\n\n\n\n<p><\/p>\n\n\n\n<p>&#8222;Optu\u017enicom se okrivljenom stavlja na teret da je dana 4. oktobra u Ulcinju, neovla\u0161\u0107eno radi prodaje dr\u017eao opojnu drogu kokain, na na\u010din \u0161to je u vozilu kojim je upravljao dr\u017eao jednu pvc kesicu sa opojnom drogom kokain koli\u010dine 73,32 grama, koju je odbacio iz vozila kojim je upravljao, u \u010demu je otkriven od strane ovla\u0161\u0107enih policijskih slu\u017ebenika&#8220;, kazali su u saop\u0161tenju.<\/p>","protected":false},"excerpt":{"rendered":"<p>Vi\u0161e dr\u017eavno tu\u017eila\u0161tvo u Podgorici, nakon sprovedene istrage podiglo je optu\u017enicu protiv L.B. zbog krivi\u010dnog djela neovla\u0161\u0107ena proizvodnja dr\u017eanje i stavljanje u promet opojnih droga, koja optu\u017enica je sa predlogom za produ\u017eenje pritvora dostavljena Vi\u0161em sudu u Podgorici na postupanje. naveli su u saop\u0161tenju.<\/p>","protected":false},"author":1,"featured_media":807499,"comment_status":"open","ping_status":"open","sticky":false,"template":"","format":"standard","meta":{"_acf_changed":false,"footnotes":"","jetpack_publicize_message":"","jetpack_publicize_feature_enabled":true,"jetpack_social_post_already_shared":false,"jetpack_social_options":{"image_generator_settings":{"template":"highway","default_image_id":0,"font":"","enabled":false},"version":2}},"categories":[10],"tags":[4796,15456],"naslovna":[],"class_list":["post-893003","post","type-post","status-publish","format-standard","has-post-thumbnail","hentry","category-hronika","tag-optuznica","tag-poliocija"],"acf":[],"jetpack_publicize_connections":[],"_links":{"self":[{"href":"https:\/\/gradski.me\/en\/wp-json\/wp\/v2\/posts\/893003","targetHints":{"allow":["GET"]}}],"collection":[{"href":"https:\/\/gradski.me\/en\/wp-json\/wp\/v2\/posts"}],"about":[{"href":"https:\/\/gradski.me\/en\/wp-json\/wp\/v2\/types\/post"}],"author":[{"embeddable":true,"href":"https:\/\/gradski.me\/en\/wp-json\/wp\/v2\/users\/1"}],"replies":[{"embeddable":true,"href":"https:\/\/gradski.me\/en\/wp-json\/wp\/v2\/comments?post=893003"}],"version-history":[{"count":0,"href":"https:\/\/gradski.me\/en\/wp-json\/wp\/v2\/posts\/893003\/revisions"}],"wp:featuredmedia":[{"embeddable":true,"href":"https:\/\/gradski.me\/en\/wp-json\/wp\/v2\/media\/807499"}],"wp:attachment":[{"href":"https:\/\/gradski.me\/en\/wp-json\/wp\/v2\/media?parent=893003"}],"wp:term":[{"taxonomy":"category","embeddable":true,"href":"https:\/\/gradski.me\/en\/wp-json\/wp\/v2\/categories?post=893003"},{"taxonomy":"post_tag","embeddable":true,"href":"https:\/\/gradski.me\/en\/wp-json\/wp\/v2\/tags?post=893003"},{"taxonomy":"naslovna","embeddable":true,"href":"https:\/\/gradski.me\/en\/wp-json\/wp\/v2\/naslovna?post=893003"}],"curies":[{"name":"wp","href":"https:\/\/api.w.org\/{rel}","templated":true}]}}