{"id":892816,"date":"2025-12-14T21:58:00","date_gmt":"2025-12-14T20:58:00","guid":{"rendered":"https:\/\/gradski.me\/?p=892816"},"modified":"2025-12-14T21:58:00","modified_gmt":"2025-12-14T20:58:00","slug":"broj-ubijenih-u-sidneju-porastao-na-16-cak-40-osoba-se-nalazi-u-bolnici","status":"publish","type":"post","link":"https:\/\/gradski.me\/en\/svijet\/broj-ubijenih-u-sidneju-porastao-na-16-cak-40-osoba-se-nalazi-u-bolnici\/","title":{"rendered":"The number of people killed in Sydney rose to 16, as many as 40 people are in hospital"},"content":{"rendered":"<p><\/p>\n\n\n\n<p>Do masovne pucnjave, koja je okarakterisana kao teroristi\u010dki \u010din, do\u0161lo je danas na australijskoj pla\u017ei, gdje se odr\u017eavao jevrejski festival svjetla Hanuka. Iz policije je re\u010deno da je napad bio usmjeren upravo na jevrejsku zajednicu s obzirom na to da se dogodio dok su se stotine ljudi okupljale na pla\u017ei.<\/p>\n\n\n\n<p>Dvojica napada\u010da su iz vatrenog oru\u017eja pucali na okupljene, a svjedoci ka\u017eu da je pucnjava trajala dugo. Policija je jednog napada\u010da upucala, dok je drugi ranjen i u kriti\u010dnom stanju.<\/p>\n\n\n\n<p>Posljednje informacije policije govore o tome da je nastradalo najmanje 16 osoba, uklju\u010duju\u0107i ubijenog napada\u010da, ali i jedno 10-godi\u0161nje dijete koje je usljed povreda preminulo u bolnici.<\/p>\n\n\n\n<p>Jo\u0161 40 osoba je u bolnici, od kojih je petoro u kriti\u010dnom stanju, dok su ostali u te\u0161kom stanju, ali stabilno. Policija je navela da je 14 osoba nastradalo na mjestu doga\u0111aja, odnosno, da su dvije preminule naknadno, a da me\u0111u povrije\u0111enima u bolnici ima i \u010detvoro djece. Dvojica policajaca su zadobila prostrijelne rane, koji su tako\u0111e u te\u0161kom, ali stabilnom zdravstvenom stanju.<\/p>\n\n\n\n<p>Povodom ovog teroristi\u010dkog \u010dina, oglasili su se lideri brojnih zemalja u svijetu. Palestinska samouprava je osudila napad, dok je izraelski premijer Benjamin Netanjahu okrivio australijskog premijera Antonija Albanezea za \u0161irenje antisemitizma, prenosi <strong>Klix<\/strong>.<\/p>","protected":false},"excerpt":{"rendered":"<p>Broj poginulih u pucnjavi na pla\u017ei Bondi u Sidneju porastao je na 16, potvrdila je policija Novog Ju\u017enog Velsa. Re\u010deno je da se u bolnici nalaze jo\u0161 42 osobe.<\/p>","protected":false},"author":1,"featured_media":892828,"comment_status":"open","ping_status":"open","sticky":false,"template":"","format":"standard","meta":{"_acf_changed":false,"footnotes":"","jetpack_publicize_message":"","jetpack_publicize_feature_enabled":true,"jetpack_social_post_already_shared":false,"jetpack_social_options":{"image_generator_settings":{"template":"highway","default_image_id":0,"font":"","enabled":false},"version":2}},"categories":[14],"tags":[8828,15433,15362],"naslovna":[],"class_list":["post-892816","post","type-post","status-publish","format-standard","has-post-thumbnail","hentry","category-svijet","tag-bolnica","tag-broj-ubijenih","tag-sidnej"],"acf":[],"jetpack_publicize_connections":[],"_links":{"self":[{"href":"https:\/\/gradski.me\/en\/wp-json\/wp\/v2\/posts\/892816","targetHints":{"allow":["GET"]}}],"collection":[{"href":"https:\/\/gradski.me\/en\/wp-json\/wp\/v2\/posts"}],"about":[{"href":"https:\/\/gradski.me\/en\/wp-json\/wp\/v2\/types\/post"}],"author":[{"embeddable":true,"href":"https:\/\/gradski.me\/en\/wp-json\/wp\/v2\/users\/1"}],"replies":[{"embeddable":true,"href":"https:\/\/gradski.me\/en\/wp-json\/wp\/v2\/comments?post=892816"}],"version-history":[{"count":0,"href":"https:\/\/gradski.me\/en\/wp-json\/wp\/v2\/posts\/892816\/revisions"}],"wp:featuredmedia":[{"embeddable":true,"href":"https:\/\/gradski.me\/en\/wp-json\/wp\/v2\/media\/892828"}],"wp:attachment":[{"href":"https:\/\/gradski.me\/en\/wp-json\/wp\/v2\/media?parent=892816"}],"wp:term":[{"taxonomy":"category","embeddable":true,"href":"https:\/\/gradski.me\/en\/wp-json\/wp\/v2\/categories?post=892816"},{"taxonomy":"post_tag","embeddable":true,"href":"https:\/\/gradski.me\/en\/wp-json\/wp\/v2\/tags?post=892816"},{"taxonomy":"naslovna","embeddable":true,"href":"https:\/\/gradski.me\/en\/wp-json\/wp\/v2\/naslovna?post=892816"}],"curies":[{"name":"wp","href":"https:\/\/api.w.org\/{rel}","templated":true}]}}