{"id":892682,"date":"2025-12-14T19:26:00","date_gmt":"2025-12-14T18:26:00","guid":{"rendered":"https:\/\/gradski.me\/?p=892682"},"modified":"2025-12-14T19:26:00","modified_gmt":"2025-12-14T18:26:00","slug":"video-emelfarm-ovo-je-i-dalje-sigurna-zemlja-za-jevreje-crna-gora-je-prelijepa-zemlja-i-mi-nemamo-osjecaj-da-smo-stranci","status":"publish","type":"post","link":"https:\/\/gradski.me\/en\/drustvo\/video-emelfarm-ovo-je-i-dalje-sigurna-zemlja-za-jevreje-crna-gora-je-prelijepa-zemlja-i-mi-nemamo-osjecaj-da-smo-stranci\/","title":{"rendered":"(VIDEO) Emelfarm: Ovo je i dalje sigurna zemlja za Jevreje, Crna Gora je prelijepa zemlja i mi nemamo osje\u0107aj da smo stranci"},"content":{"rendered":"<p><\/p>\n\n\n\n<p>&#8220;Praznik ne tra\u017ei da zapalimo sve svije\u0107e prve ve\u010deri. Po\u010dni sa jednom svije\u0107om a sjutra dodaj jo\u0161 jednu, nije zavr\u0161eno i nije potpuno ali to je rast i to je put&#8220;, poru\u010dio je Vrhovni rabin Crne Gore <strong>Ari Edelkopf.<\/strong><\/p>\n\n\n\n<p>Hanuka nosi i poruku zajedni\u0161tva i sigurnosti, isti\u010du prijatelji jevrejske zajednice u Crnoj Gori.<\/p>\n\n\n\n<p>&#8220;Hvala Bogu ovo je i dalje sigurna zemlja za Jevreje. Crna Gora je prelijepa zemlja, i mi nemamo osje\u0107aj da smo stranci&#8220;, kazao je <strong>Nil Emelfarm<\/strong>.<\/p>\n\n\n\n<p><strong>Katina Vujovi\u0107<\/strong>, \u010dlanica jevrejske zajednice Crne Gore navodi kako je poruka festivala Hanuka da jedna svije\u0107a ili malo ulja mo\u017ee da obasja puno. <\/p>\n\n\n\n<p>&#8220;Kao \u0161to vidite ovdje je danas, radosno, veselo osvijetljeno&#8220;, istakla je Vujovi\u0107.<\/p>\n\n\n\n<p>Povodom dana\u0161njeg teroristi\u010dkog napada na Jevreje u Australiji, vrhovni rabin Crne Gore poru\u010dio je da, uprkos nasilju i mr\u017enji, tama ne mo\u017ee pobijediti svjetlost \u2013 \u0161to je i su\u0161tinska poruka praznika. <strong>&nbsp;<\/strong><\/p>\n\n\n\n<p>&#8220;Ne de\u0161ava se to samo njima, ve\u0107 i nama, \u0161irom svijeta jer tama misli da mo\u017ee pobijediti. Ne, zlo i la\u017e ne mogu pobijediti&#8220;, poru\u010dio je Edelkopf.<\/p>\n\n\n\n<p>Hanuka nije samo vjerski praznik, ve\u0107 univerzalna poruka nade, istrajnosti i zajedni\u0161tva, poru\u010dili su iz Jevrejske zajednice Crne Gore.<\/p>\n\n\n\n<figure class=\"wp-block-embed is-type-video is-provider-youtube wp-block-embed-youtube wp-embed-aspect-16-9 wp-has-aspect-ratio\"><div class=\"wp-block-embed__wrapper\">\n<iframe title=\"Emelfarm: Ovo je i dalje sigurna zemlja za Jevreje, Crna Gora je prelijepa zemlja\" width=\"800\" height=\"450\" src=\"https:\/\/www.youtube.com\/embed\/Vncr5W-Rl9s?feature=oembed\" frameborder=\"0\" allow=\"accelerometer; autoplay; clipboard-write; encrypted-media; gyroscope; picture-in-picture; web-share\" referrerpolicy=\"strict-origin-when-cross-origin\" allowfullscreen><\/iframe>\n<\/div><\/figure>","protected":false},"excerpt":{"rendered":"<p>Hanuka je osmodnevni jevrejski praznik svjetlosti, koji se obilje\u017eava paljenjem svije\u0107a svake ve\u010deri po jedna vi\u0161e. U Podgorici je tradicionalno obilje\u017een na Trgu Argentine, uz pjesmu, igru i tradicionalnu trpezu.<\/p>","protected":false},"author":1,"featured_media":892686,"comment_status":"open","ping_status":"open","sticky":false,"template":"","format":"standard","meta":{"_acf_changed":false,"footnotes":"","jetpack_publicize_message":"","jetpack_publicize_feature_enabled":true,"jetpack_social_post_already_shared":false,"jetpack_social_options":{"image_generator_settings":{"template":"highway","default_image_id":0,"font":"","enabled":false},"version":2}},"categories":[9],"tags":[188,7879,15412,15413,15414,5481],"naslovna":[],"class_list":["post-892682","post","type-post","status-publish","format-standard","has-post-thumbnail","hentry","category-drustvo","tag-crna-gora","tag-jevreji","tag-nil-emelfarm","tag-prelijepa-zemlja","tag-sigurna-zemlja","tag-stranci"],"acf":[],"jetpack_publicize_connections":[],"_links":{"self":[{"href":"https:\/\/gradski.me\/en\/wp-json\/wp\/v2\/posts\/892682","targetHints":{"allow":["GET"]}}],"collection":[{"href":"https:\/\/gradski.me\/en\/wp-json\/wp\/v2\/posts"}],"about":[{"href":"https:\/\/gradski.me\/en\/wp-json\/wp\/v2\/types\/post"}],"author":[{"embeddable":true,"href":"https:\/\/gradski.me\/en\/wp-json\/wp\/v2\/users\/1"}],"replies":[{"embeddable":true,"href":"https:\/\/gradski.me\/en\/wp-json\/wp\/v2\/comments?post=892682"}],"version-history":[{"count":0,"href":"https:\/\/gradski.me\/en\/wp-json\/wp\/v2\/posts\/892682\/revisions"}],"wp:featuredmedia":[{"embeddable":true,"href":"https:\/\/gradski.me\/en\/wp-json\/wp\/v2\/media\/892686"}],"wp:attachment":[{"href":"https:\/\/gradski.me\/en\/wp-json\/wp\/v2\/media?parent=892682"}],"wp:term":[{"taxonomy":"category","embeddable":true,"href":"https:\/\/gradski.me\/en\/wp-json\/wp\/v2\/categories?post=892682"},{"taxonomy":"post_tag","embeddable":true,"href":"https:\/\/gradski.me\/en\/wp-json\/wp\/v2\/tags?post=892682"},{"taxonomy":"naslovna","embeddable":true,"href":"https:\/\/gradski.me\/en\/wp-json\/wp\/v2\/naslovna?post=892682"}],"curies":[{"name":"wp","href":"https:\/\/api.w.org\/{rel}","templated":true}]}}