{"id":892422,"date":"2025-12-14T14:23:00","date_gmt":"2025-12-14T13:23:00","guid":{"rendered":"https:\/\/gradski.me\/?p=892422"},"modified":"2025-12-14T14:23:00","modified_gmt":"2025-12-14T13:23:00","slug":"mandic-hanuka-snazno-podsjeca-na-neprolazne-vrijednosti-vjere-istrajnosti-i-zajednistva","status":"publish","type":"post","link":"https:\/\/gradski.me\/en\/drustvo\/mandic-hanuka-snazno-podsjeca-na-neprolazne-vrijednosti-vjere-istrajnosti-i-zajednistva\/","title":{"rendered":"Mandi\u0107: Hanukkah is a strong reminder of the timeless values \u200b\u200bof faith, perseverance and community"},"content":{"rendered":"<p><\/p>\n\n\n\n<p>\u201cHanuka nas sna\u017eno podsje\u0107a na neprolazne vrijednosti vjere, istrajnosti i zajedni\u0161tva, koje su kroz istoriju bile izvor snage u najte\u017eim vremenima. Simbolika upaljene hanukije govori o pobjedi svjetlosti nad tamom, dobra nad izazovima i nade nad sumnjom \u2013 vrijednostima koje su univerzalne i koje nas sve povezuju.<\/p>\n\n\n\n<p>Neka svjetlost hanuke obasja domove, porodice i srca, donose\u0107i mir, radost, duhovno ispunjenje i blagostanje. Neka prazni\u010dni dani budu prilika za okupljanje, zahvalnost i ja\u010danje me\u0111usobnih veza\u201d, kazao je Mandi\u0107.<\/p>\n\n\n\n<p>Jevrejska zajednica u Crnoj Gori predstavlja, ka\u017ee, va\u017ean i neodvojiv dio na\u0161eg dru\u0161tva i svojim djelovanjem daje zna\u010dajan doprinos njegovoj kulturnoj raznolikosti, kao i ja\u010danju duha tolerancije, uva\u017eavanja i me\u0111usobnog po\u0161tovanja \u2013 temeljnih vrijednosti na kojima gradimo zajedni\u010dku i bolju budu\u0107nost.<\/p>\n\n\n\n<p>\u201cUz najljep\u0161e \u017eelje za dobro zdravlje, li\u010dnu i porodi\u010dnu sre\u0107u, kao i uspjeh u svakom dobrom poduhvatu, \u017eelim da praznik Hanuke provedu u radosti i miru\u201d, zaklju\u010duje se u \u010destitki.<\/p>","protected":false},"excerpt":{"rendered":"<p>Predsjednik Skup\u0161tine Crne Gore Andrija Mandi\u0107 uputio je u ime Skup\u0161tine i u svoje li\u010dno ime, najiskrenije \u010destitke predsjednici Jevrejske zajednice Crne Gore gospo\u0111i Nini Ofner Bokan, Vrhovnom rabinu Lucijanu Mo\u0161e Prelevi\u0107u, kao i svim pripadnicima jevrejske zajednice povodom po\u010detka Hanuke \u2013 praznika svjetlosti, nade i duhovne snage.<\/p>","protected":false},"author":1,"featured_media":892424,"comment_status":"open","ping_status":"open","sticky":false,"template":"","format":"standard","meta":{"_acf_changed":false,"footnotes":"","jetpack_publicize_message":"","jetpack_publicize_feature_enabled":true,"jetpack_social_post_already_shared":false,"jetpack_social_options":{"image_generator_settings":{"template":"highway","default_image_id":0,"font":"","enabled":false},"version":2}},"categories":[9],"tags":[503,15355,7124],"naslovna":[],"class_list":["post-892422","post","type-post","status-publish","format-standard","has-post-thumbnail","hentry","category-drustvo","tag-andrija-mandic","tag-hanuka","tag-nina-ofner-bokan"],"acf":[],"jetpack_publicize_connections":[],"_links":{"self":[{"href":"https:\/\/gradski.me\/en\/wp-json\/wp\/v2\/posts\/892422","targetHints":{"allow":["GET"]}}],"collection":[{"href":"https:\/\/gradski.me\/en\/wp-json\/wp\/v2\/posts"}],"about":[{"href":"https:\/\/gradski.me\/en\/wp-json\/wp\/v2\/types\/post"}],"author":[{"embeddable":true,"href":"https:\/\/gradski.me\/en\/wp-json\/wp\/v2\/users\/1"}],"replies":[{"embeddable":true,"href":"https:\/\/gradski.me\/en\/wp-json\/wp\/v2\/comments?post=892422"}],"version-history":[{"count":0,"href":"https:\/\/gradski.me\/en\/wp-json\/wp\/v2\/posts\/892422\/revisions"}],"wp:featuredmedia":[{"embeddable":true,"href":"https:\/\/gradski.me\/en\/wp-json\/wp\/v2\/media\/892424"}],"wp:attachment":[{"href":"https:\/\/gradski.me\/en\/wp-json\/wp\/v2\/media?parent=892422"}],"wp:term":[{"taxonomy":"category","embeddable":true,"href":"https:\/\/gradski.me\/en\/wp-json\/wp\/v2\/categories?post=892422"},{"taxonomy":"post_tag","embeddable":true,"href":"https:\/\/gradski.me\/en\/wp-json\/wp\/v2\/tags?post=892422"},{"taxonomy":"naslovna","embeddable":true,"href":"https:\/\/gradski.me\/en\/wp-json\/wp\/v2\/naslovna?post=892422"}],"curies":[{"name":"wp","href":"https:\/\/api.w.org\/{rel}","templated":true}]}}