{"id":892386,"date":"2025-12-14T13:25:00","date_gmt":"2025-12-14T12:25:00","guid":{"rendered":"https:\/\/gradski.me\/?p=892386"},"modified":"2025-12-14T13:25:00","modified_gmt":"2025-12-14T12:25:00","slug":"borovinic-bojovic-hanuka-nas-podsjeca-koliko-su-zajednistvo-solidarnost-i-medjusobno-postovanje-vazni-za-svako-drustvo","status":"publish","type":"post","link":"https:\/\/gradski.me\/en\/drustvo\/borovinic-bojovic-hanuka-nas-podsjeca-koliko-su-zajednistvo-solidarnost-i-medjusobno-postovanje-vazni-za-svako-drustvo\/","title":{"rendered":"Borovini\u0107 Bojovi\u0107: Hanuka nas podsje\u0107a koliko su zajedni\u0161tvo, solidarnost i me\u0111usobno po\u0161tovanje va\u017eni za svako dru\u0161tvo"},"content":{"rendered":"<p><\/p>\n\n\n\n<p>\u201eU ime Skup\u0161tine Glavnog grada Podgorice i u svoje li\u010dno ime, upu\u0107ujem vam iskrene \u010destitke povodom Hanuke, praznika koji sna\u017eno podsje\u0107a na zna\u010daj vjere, istrajnosti i o\u010duvanja duhovnih vrijednosti.<\/p>\n\n\n\n<p>Hanuka nosi poruku nade i postojanosti u izazovnim vremenima, podsje\u0107aju\u0107i nas koliko su zajedni\u0161tvo, solidarnost i me\u0111usobno po\u0161tovanje va\u017eni za svako dru\u0161tvo. Njena simbolika prevazilazi religijske okvire i govori univerzalnim jezikom ljudskog dostojanstva i slobode.<\/p>\n\n\n\n<p>Jevrejska zajednica u Podgorici i Crnoj Gori svojim djelovanjem daje vrijedan doprinos razvoju otvorenog dru\u0161tva, u kojem se dijalog, tolerancija i uva\u017eavanje razli\u010ditosti prepoznaju kao temeljne vrijednosti zajedni\u010dkog \u017eivota.<\/p>\n\n\n\n<p>Neka prazni\u010dni dani Hanuke vama i va\u0161im porodicama donesu mir, zdravlje i radost zajedni\u0161tva.<\/p>\n\n\n\n<p>Sre\u0107an praznik Hanuka&#8220;, navodi se u \u010destitki Borovini\u0107 Bojovi\u0107.<\/p>","protected":false},"excerpt":{"rendered":"<p>Predsjednica Skup\u0161tine Glavnog grada Podgorice, Jelena Borovini\u0107 Bojovi\u0107, uputila je \u010destitku vrhovnom rabinu Crne Gore Lucijanu Mo\u0161e Prelevi\u0107u, predsjednici Jevrejske zajednice Crne Gore Nini Ofner Bokan, kao i svim pripadnicima Zajednice, povodom Hanuke, velikog jevrejskog praznika.<\/p>","protected":false},"author":1,"featured_media":870259,"comment_status":"open","ping_status":"open","sticky":false,"template":"","format":"standard","meta":{"_acf_changed":false,"footnotes":"","jetpack_publicize_message":"","jetpack_publicize_feature_enabled":true,"jetpack_social_post_already_shared":false,"jetpack_social_options":{"image_generator_settings":{"template":"highway","default_image_id":0,"font":"","enabled":false},"version":2}},"categories":[9],"tags":[15355,323],"naslovna":[],"class_list":["post-892386","post","type-post","status-publish","format-standard","has-post-thumbnail","hentry","category-drustvo","tag-hanuka","tag-jelena-borovinic-bojovic"],"acf":[],"jetpack_publicize_connections":[],"_links":{"self":[{"href":"https:\/\/gradski.me\/en\/wp-json\/wp\/v2\/posts\/892386","targetHints":{"allow":["GET"]}}],"collection":[{"href":"https:\/\/gradski.me\/en\/wp-json\/wp\/v2\/posts"}],"about":[{"href":"https:\/\/gradski.me\/en\/wp-json\/wp\/v2\/types\/post"}],"author":[{"embeddable":true,"href":"https:\/\/gradski.me\/en\/wp-json\/wp\/v2\/users\/1"}],"replies":[{"embeddable":true,"href":"https:\/\/gradski.me\/en\/wp-json\/wp\/v2\/comments?post=892386"}],"version-history":[{"count":0,"href":"https:\/\/gradski.me\/en\/wp-json\/wp\/v2\/posts\/892386\/revisions"}],"wp:featuredmedia":[{"embeddable":true,"href":"https:\/\/gradski.me\/en\/wp-json\/wp\/v2\/media\/870259"}],"wp:attachment":[{"href":"https:\/\/gradski.me\/en\/wp-json\/wp\/v2\/media?parent=892386"}],"wp:term":[{"taxonomy":"category","embeddable":true,"href":"https:\/\/gradski.me\/en\/wp-json\/wp\/v2\/categories?post=892386"},{"taxonomy":"post_tag","embeddable":true,"href":"https:\/\/gradski.me\/en\/wp-json\/wp\/v2\/tags?post=892386"},{"taxonomy":"naslovna","embeddable":true,"href":"https:\/\/gradski.me\/en\/wp-json\/wp\/v2\/naslovna?post=892386"}],"curies":[{"name":"wp","href":"https:\/\/api.w.org\/{rel}","templated":true}]}}