{"id":892234,"date":"2025-12-14T09:19:00","date_gmt":"2025-12-14T08:19:00","guid":{"rendered":"https:\/\/gradski.me\/?p=892234"},"modified":"2025-12-14T09:19:00","modified_gmt":"2025-12-14T08:19:00","slug":"spajic-ocuvanje-vjerske-nacionalne-i-kulturne-prepoznatljivosti-jevrejskog-naroda-znacajno-za-interkulturalizam-u-zemlji","status":"publish","type":"post","link":"https:\/\/gradski.me\/en\/drustvo\/spajic-ocuvanje-vjerske-nacionalne-i-kulturne-prepoznatljivosti-jevrejskog-naroda-znacajno-za-interkulturalizam-u-zemlji\/","title":{"rendered":"Spaji\u0107: Preservation of the religious, national and cultural identity of the Jewish people is important for interculturalism in the country"},"content":{"rendered":"<p><\/p>\n\n\n\n<p>\u201cVa\u0161a predanost o\u010duvanju vjerske, nacionalne i kulturne prepoznatljivosti, od izuzetnog je zna\u010daja za afirmaciju i ja\u010danje interkulturalizma u Crnoj Gori,\u201d napisao je Spaji\u0107 u \u010destitki.<\/p>\n\n\n\n<p>Kako je istakao \u201cdosljednim unapre\u0111ivanjem prava manje brojnih zajednica, uzajamnim razumijevanjem i uva\u017eavanjem razli\u010ditosti, te me\u0111usobnim pro\u017eimanjem razli\u010ditih tradicija, gradimo dru\u0161tvo tolerancije, solidarnosti i povjerenja \u2013 dr\u017eavu u kojoj se svi osje\u0107amo spokojno i prihva\u0107eno\u201d.<\/p>\n\n\n\n<p>\u201cSiguran da \u0107emo zajedni\u010dki uspje\u0161no dovr\u0161iti zapo\u010dete i otvoriti nove projekte, na dobrobit pripadnica i pripadnika Zajednice i svih gra\u0111anki i gra\u0111ana Crne Gore, jo\u0161 jednom vam \u010destitam veliki praznik\u201d, poru\u010dio je Spaji\u0107.<\/p>","protected":false},"excerpt":{"rendered":"<p>Predsjednik Vlade Milojko Spaji\u0107 \u010destitao je predstavnicima jevrejske zajednice i pripadnicima jevrejskog naroda u Crnoj Gori \u2013 Hanuku, osmodnevni praznik, \u010dije praznovanje po\u010dinje u nedjelju, 14. decembra, saop\u0161teno je iz njegovog kabineta.<\/p>","protected":false},"author":1,"featured_media":829514,"comment_status":"open","ping_status":"open","sticky":false,"template":"","format":"standard","meta":{"_acf_changed":false,"footnotes":"","jetpack_publicize_message":"","jetpack_publicize_feature_enabled":true,"jetpack_social_post_already_shared":false,"jetpack_social_options":{"image_generator_settings":{"template":"highway","default_image_id":0,"font":"","enabled":false},"version":2}},"categories":[9],"tags":[15355,794],"naslovna":[],"class_list":["post-892234","post","type-post","status-publish","format-standard","has-post-thumbnail","hentry","category-drustvo","tag-hanuka","tag-milojko-spajic"],"acf":[],"jetpack_publicize_connections":[],"_links":{"self":[{"href":"https:\/\/gradski.me\/en\/wp-json\/wp\/v2\/posts\/892234","targetHints":{"allow":["GET"]}}],"collection":[{"href":"https:\/\/gradski.me\/en\/wp-json\/wp\/v2\/posts"}],"about":[{"href":"https:\/\/gradski.me\/en\/wp-json\/wp\/v2\/types\/post"}],"author":[{"embeddable":true,"href":"https:\/\/gradski.me\/en\/wp-json\/wp\/v2\/users\/1"}],"replies":[{"embeddable":true,"href":"https:\/\/gradski.me\/en\/wp-json\/wp\/v2\/comments?post=892234"}],"version-history":[{"count":0,"href":"https:\/\/gradski.me\/en\/wp-json\/wp\/v2\/posts\/892234\/revisions"}],"wp:featuredmedia":[{"embeddable":true,"href":"https:\/\/gradski.me\/en\/wp-json\/wp\/v2\/media\/829514"}],"wp:attachment":[{"href":"https:\/\/gradski.me\/en\/wp-json\/wp\/v2\/media?parent=892234"}],"wp:term":[{"taxonomy":"category","embeddable":true,"href":"https:\/\/gradski.me\/en\/wp-json\/wp\/v2\/categories?post=892234"},{"taxonomy":"post_tag","embeddable":true,"href":"https:\/\/gradski.me\/en\/wp-json\/wp\/v2\/tags?post=892234"},{"taxonomy":"naslovna","embeddable":true,"href":"https:\/\/gradski.me\/en\/wp-json\/wp\/v2\/naslovna?post=892234"}],"curies":[{"name":"wp","href":"https:\/\/api.w.org\/{rel}","templated":true}]}}