{"id":891797,"date":"2025-12-13T18:00:00","date_gmt":"2025-12-13T17:00:00","guid":{"rendered":"https:\/\/gradski.me\/?p=891797"},"modified":"2025-12-13T18:00:00","modified_gmt":"2025-12-13T17:00:00","slug":"erdogan-mir-u-ukrajini-nije-daleko-mozemo-ga-vidjeti","status":"publish","type":"post","link":"https:\/\/gradski.me\/en\/svijet\/erdogan-mir-u-ukrajini-nije-daleko-mozemo-ga-vidjeti\/","title":{"rendered":"Erdogan: Mir u Ukrajini nije daleko, mo\u017eemo ga vidjeti"},"content":{"rendered":"<p><\/p>\n\n\n\n<p>U razgovoru s novinarima na povratku iz Turkmenistana, Erdogan je rekao da se Ankara nada da \u0107e se sara\u0111ivati \u200b\u200bi s ameri\u010dkim predsjednikom Donaldom Trampom kako bi procijenili potencijalni mirovni plan.<\/p>\n\n\n\n<p>&#8222;Nakon ovog sastanka s Putinom, nadamo se da \u0107emo imati priliku razgovarati o mirovnom planu i s ameri\u010dkim predsjednikom Trampom. Mir nije daleko, mo\u017eemo ga vidjeti&#8220;, rekao je Erdogan, misle\u0107i na svoj bilateralni sastanak s ruskim vo\u0111om u Turkmenistanu u subotu.<\/p>\n\n\n\n<h3 class=\"wp-block-heading\">&#8222;Putin zna gdje Turska stoji&#8220;<\/h3>\n\n\n\n<p>Erdogan je napomenuo da se njegov sastanak s Putinom usredsredio na teku\u0107e sukobe i diplomatske inicijative pokrenute uz Trampovo u\u010destvovanje.<\/p>\n\n\n\n<p>&#8222;Procijenili smo doprinose koje na\u0161a zemlja mo\u017ee dati mirovnim naporima&#8220;, rekao je, dodaju\u0107i: &#8222;Pozitivno gledamo na dijalog koji je pokrenuo gospodin Tramp.&#8220;<\/p>\n\n\n\n<p>Naglasio je da sve strane uklju\u010dene u mirovni proces u Ukrajini jasno razumiju stav Ankare. \u201eUglavnom smo razgovarali o ratu i mirovnim naporima. Gospodin Putin, kao i svi drugi akteri, vrlo dobro zna gdje Turska stoji po ovom pitanju\u201c, dodao je Erdogan.<\/p>\n\n\n\n<p>Govore\u0107i o regionalnoj bezbjednosti, Erdogan je upozorio da se Crno more ne bi trebalo smatrati arenom rivalstva. \u201eTo ne bi koristilo Rusiji ili Ukrajini. Svima je potrebna sloboda plovidbe i sigurnost u Crnom moru\u201c, rekao je, prenosi <strong>Index<\/strong>.<\/p>","protected":false},"excerpt":{"rendered":"<p>Turski predsjednik Red\u017eep Tajip Erdogan rekao je da bi daljnji diplomatski anga\u017eman uskoro mogao uslijediti nakon napora koje predvode Moskva i Va\u0161ington, izraziv\u0161i optimizam u pogledu izgleda za mir u Ukrajini nakon razgovora s ruskim predsjednikom Vladimirom Putinom.<\/p>","protected":false},"author":1,"featured_media":401477,"comment_status":"open","ping_status":"open","sticky":false,"template":"","format":"standard","meta":{"_acf_changed":false,"footnotes":"","jetpack_publicize_message":"","jetpack_publicize_feature_enabled":true,"jetpack_social_post_already_shared":false,"jetpack_social_options":{"image_generator_settings":{"template":"highway","default_image_id":0,"font":"","enabled":false},"version":2}},"categories":[14],"tags":[4311,15320],"naslovna":[],"class_list":["post-891797","post","type-post","status-publish","format-standard","has-post-thumbnail","hentry","category-svijet","tag-erdogan","tag-mir-u-ukrajini"],"acf":[],"jetpack_publicize_connections":[],"_links":{"self":[{"href":"https:\/\/gradski.me\/en\/wp-json\/wp\/v2\/posts\/891797","targetHints":{"allow":["GET"]}}],"collection":[{"href":"https:\/\/gradski.me\/en\/wp-json\/wp\/v2\/posts"}],"about":[{"href":"https:\/\/gradski.me\/en\/wp-json\/wp\/v2\/types\/post"}],"author":[{"embeddable":true,"href":"https:\/\/gradski.me\/en\/wp-json\/wp\/v2\/users\/1"}],"replies":[{"embeddable":true,"href":"https:\/\/gradski.me\/en\/wp-json\/wp\/v2\/comments?post=891797"}],"version-history":[{"count":0,"href":"https:\/\/gradski.me\/en\/wp-json\/wp\/v2\/posts\/891797\/revisions"}],"wp:featuredmedia":[{"embeddable":true,"href":"https:\/\/gradski.me\/en\/wp-json\/wp\/v2\/media\/401477"}],"wp:attachment":[{"href":"https:\/\/gradski.me\/en\/wp-json\/wp\/v2\/media?parent=891797"}],"wp:term":[{"taxonomy":"category","embeddable":true,"href":"https:\/\/gradski.me\/en\/wp-json\/wp\/v2\/categories?post=891797"},{"taxonomy":"post_tag","embeddable":true,"href":"https:\/\/gradski.me\/en\/wp-json\/wp\/v2\/tags?post=891797"},{"taxonomy":"naslovna","embeddable":true,"href":"https:\/\/gradski.me\/en\/wp-json\/wp\/v2\/naslovna?post=891797"}],"curies":[{"name":"wp","href":"https:\/\/api.w.org\/{rel}","templated":true}]}}