{"id":891704,"date":"2025-12-13T13:50:00","date_gmt":"2025-12-13T12:50:00","guid":{"rendered":"https:\/\/gradski.me\/?p=891704"},"modified":"2025-12-13T13:50:00","modified_gmt":"2025-12-13T12:50:00","slug":"rozaje-uhapsen-osumnjiceni-za-trgovinu-ljudima-primoravao-svoje-maloljetno-dijete-i-zensku-osobu-na-prosjacenje","status":"publish","type":"post","link":"https:\/\/gradski.me\/en\/hronika\/rozaje-uhapsen-osumnjiceni-za-trgovinu-ljudima-primoravao-svoje-maloljetno-dijete-i-zensku-osobu-na-prosjacenje\/","title":{"rendered":"Ro\u017eaje: Uhap\u0161en osumnji\u010deni za trgovinu ljudima, primoravao svoje maloljetno dijete i \u017eensku osobu na prosja\u010denje"},"content":{"rendered":"<p><\/p>\n\n\n\n<p>&#8220;Kriminalisti\u010dka obrada upu\u0107uje na sumnju da je D.K, zloupotrebom odnosa povjerenja i odnosa zavisnosti, koristio svoje maloljetno dijete i jednu punoljetnu \u017eensku osobu u cilju prinudnog prosja\u010denja, a koja lica je primoravao da novac sakupljen tokom prosja\u010denja predaju njemu&#8220;, navode iz Uprave policije.<\/p>\n\n\n\n<p>Policija je tokom izvo\u0111enja ove akcije kod o\u0161te\u0107enih prona\u0161la odre\u0111enu svotu novca za koju se sumnja da je pribavljena prinudnim prosja\u010denjem.<\/p>\n\n\n\n<p>&#8220;Osumnji\u010deni D.K. \u0107e, uz krivi\u010dnu prijavu, biti priveden dr\u017eavnom tu\u017eiocu u Vi\u0161em dr\u017eavnom tu\u017eila\u0161tvu u Bijelom Polju, zbog sumnje da je po\u010dinio navedeno krivi\u010dno djelo&#8220;, isti\u010du iz Uprave policije.<\/p>\n\n\n\n<p>Iz Uprave policije navode kako je maloljetno o\u0161te\u0107eno lice, radi daljeg zbrinjavanja, preuzeo je Centar za socijalni rad u Ro\u017eajama.<\/p>\n\n\n\n<p>&#8220;Policijski slu\u017ebenici nastavljaju sa preduzimanjem sveobuhvatnih i intenzivnih mjera i radnji, usmjerenih na spre\u010davanje i otkrivanje krivi\u010dnih djela trgovina ljudima, kao i li\u0161enje slobode i procesuranje odgovornih lica ili lica koja se dovode u vezu sa izvr\u0161enjem ovog krivi\u010dnog djela, te i aktivnosti na pru\u017eanju za\u0161tite lica o\u0161te\u0107enih u ovim krivi\u010dnim djelima&#8220;, zaklju\u010duju iz Uprave policije.<\/p>","protected":false},"excerpt":{"rendered":"<p>Slu\u017ebenici Regionalnog centra bezbjednosti \u201eSjever\u201c \u2013 Odjeljenja bezbjednosti Ro\u017eaje su, postupaju\u0107i shodno nacionalnim prioritetima Uprave policije u borbi protiv trgovine ljudima, sproveli akciju usmjerenu na suzbijanje organizovanog i prinudnog prosja\u010denja, u kojoj su li\u0161ili slobode D.K. iz Podgorice. On se sumnji\u010di da je, na \u0161tetu svoj maloljetnog djeteta starog 15 godina i na \u0161tetu osobe \u017eenskog pola stare 21 godinu, po\u010dinio krivi\u010dno djelo trgovina ljudima, saop\u0161teno je iz Uprave policije.<\/p>","protected":false},"author":1,"featured_media":891705,"comment_status":"open","ping_status":"open","sticky":false,"template":"","format":"standard","meta":{"_acf_changed":false,"footnotes":"","jetpack_publicize_message":"","jetpack_publicize_feature_enabled":true,"jetpack_social_post_already_shared":false,"jetpack_social_options":{"image_generator_settings":{"template":"highway","default_image_id":0,"font":"","enabled":false},"version":2}},"categories":[10],"tags":[693,15298,15299,15300,2363,5279,15301],"naslovna":[],"class_list":["post-891704","post","type-post","status-publish","format-standard","has-post-thumbnail","hentry","category-hronika","tag-hapsenje","tag-maloljetno-dijete","tag-primoravanje","tag-prosjacenje","tag-rozaje","tag-trgovina-ljudima","tag-zenska-osoba-2"],"acf":[],"jetpack_publicize_connections":[],"_links":{"self":[{"href":"https:\/\/gradski.me\/en\/wp-json\/wp\/v2\/posts\/891704","targetHints":{"allow":["GET"]}}],"collection":[{"href":"https:\/\/gradski.me\/en\/wp-json\/wp\/v2\/posts"}],"about":[{"href":"https:\/\/gradski.me\/en\/wp-json\/wp\/v2\/types\/post"}],"author":[{"embeddable":true,"href":"https:\/\/gradski.me\/en\/wp-json\/wp\/v2\/users\/1"}],"replies":[{"embeddable":true,"href":"https:\/\/gradski.me\/en\/wp-json\/wp\/v2\/comments?post=891704"}],"version-history":[{"count":0,"href":"https:\/\/gradski.me\/en\/wp-json\/wp\/v2\/posts\/891704\/revisions"}],"wp:featuredmedia":[{"embeddable":true,"href":"https:\/\/gradski.me\/en\/wp-json\/wp\/v2\/media\/891705"}],"wp:attachment":[{"href":"https:\/\/gradski.me\/en\/wp-json\/wp\/v2\/media?parent=891704"}],"wp:term":[{"taxonomy":"category","embeddable":true,"href":"https:\/\/gradski.me\/en\/wp-json\/wp\/v2\/categories?post=891704"},{"taxonomy":"post_tag","embeddable":true,"href":"https:\/\/gradski.me\/en\/wp-json\/wp\/v2\/tags?post=891704"},{"taxonomy":"naslovna","embeddable":true,"href":"https:\/\/gradski.me\/en\/wp-json\/wp\/v2\/naslovna?post=891704"}],"curies":[{"name":"wp","href":"https:\/\/api.w.org\/{rel}","templated":true}]}}