{"id":891333,"date":"2025-12-12T21:16:00","date_gmt":"2025-12-12T20:16:00","guid":{"rendered":"https:\/\/gradski.me\/?p=891333"},"modified":"2025-12-12T21:16:00","modified_gmt":"2025-12-12T20:16:00","slug":"foto-video-zena-stradala-na-pruzi-u-zagoricu","status":"publish","type":"post","link":"https:\/\/gradski.me\/en\/hronika\/foto-video-zena-stradala-na-pruzi-u-zagoricu\/","title":{"rendered":"(FOTO\/VIDEO) \u017dena stradala na pruzi u Zagori\u010du"},"content":{"rendered":"<p>Naime, kako je Portalu RTV Podgorica nezvani\u010dno potvr\u0111eno iz \u017deljezni\u010dke infrastrukture Crne Gore (\u017dICG), jedna \u017eenska osoba je stradala.<\/p>\n\n\n\n<p>Iz Uprave policije nisu mogli da potvrde informaciju.<\/p>\n\n\n\n<figure class=\"wp-block-video\"><video height=\"320\" style=\"aspect-ratio: 568 \/ 320;\" width=\"568\" controls src=\"https:\/\/new.gradski.me\/wp-content\/uploads\/2025\/12\/Voz-snimak.mp4\"><\/video><figcaption class=\"wp-element-caption\">Video: RTV Podgorica<\/figcaption><\/figure>\n\n\n\n<p>M.M.<\/p>","protected":false},"excerpt":{"rendered":"<p>U podgori\u010dkom naselju Zagori\u010d ve\u010deras oko 17 \u010dasova dogodila se nesre\u0107a u kojoj je jedna osoba stradala, saznaje Portal RTV Podgorica.<\/p>","protected":false},"author":1,"featured_media":891338,"comment_status":"open","ping_status":"open","sticky":false,"template":"","format":"standard","meta":{"_acf_changed":false,"footnotes":"","jetpack_publicize_message":"","jetpack_publicize_feature_enabled":true,"jetpack_social_post_already_shared":false,"jetpack_social_options":{"image_generator_settings":{"template":"highway","default_image_id":0,"font":"","enabled":false},"version":2}},"categories":[10],"tags":[2270,28,3554],"naslovna":[],"class_list":["post-891333","post","type-post","status-publish","format-standard","has-post-thumbnail","hentry","category-hronika","tag-nesreca-2","tag-podgorica","tag-voz"],"acf":[],"jetpack_publicize_connections":[],"_links":{"self":[{"href":"https:\/\/gradski.me\/en\/wp-json\/wp\/v2\/posts\/891333","targetHints":{"allow":["GET"]}}],"collection":[{"href":"https:\/\/gradski.me\/en\/wp-json\/wp\/v2\/posts"}],"about":[{"href":"https:\/\/gradski.me\/en\/wp-json\/wp\/v2\/types\/post"}],"author":[{"embeddable":true,"href":"https:\/\/gradski.me\/en\/wp-json\/wp\/v2\/users\/1"}],"replies":[{"embeddable":true,"href":"https:\/\/gradski.me\/en\/wp-json\/wp\/v2\/comments?post=891333"}],"version-history":[{"count":0,"href":"https:\/\/gradski.me\/en\/wp-json\/wp\/v2\/posts\/891333\/revisions"}],"wp:featuredmedia":[{"embeddable":true,"href":"https:\/\/gradski.me\/en\/wp-json\/wp\/v2\/media\/891338"}],"wp:attachment":[{"href":"https:\/\/gradski.me\/en\/wp-json\/wp\/v2\/media?parent=891333"}],"wp:term":[{"taxonomy":"category","embeddable":true,"href":"https:\/\/gradski.me\/en\/wp-json\/wp\/v2\/categories?post=891333"},{"taxonomy":"post_tag","embeddable":true,"href":"https:\/\/gradski.me\/en\/wp-json\/wp\/v2\/tags?post=891333"},{"taxonomy":"naslovna","embeddable":true,"href":"https:\/\/gradski.me\/en\/wp-json\/wp\/v2\/naslovna?post=891333"}],"curies":[{"name":"wp","href":"https:\/\/api.w.org\/{rel}","templated":true}]}}