{"id":890428,"date":"2025-12-11T16:39:00","date_gmt":"2025-12-11T15:39:00","guid":{"rendered":"https:\/\/gradski.me\/?p=890428"},"modified":"2025-12-11T16:39:00","modified_gmt":"2025-12-11T15:39:00","slug":"nemanja-cadjenovic-kik-bokser-godine","status":"publish","type":"post","link":"https:\/\/gradski.me\/en\/sport\/nemanja-cadjenovic-kik-bokser-godine\/","title":{"rendered":"Nemanja \u010ca\u0111enovi\u0107 kik bokser godine"},"content":{"rendered":"<p>\u010ca\u0111enovi\u0107 je godinu obilje\u017eio osvajanjem srebrne medalje na seniorskom prvenstvu svijeta u Abu Dabiju.<\/p>\n\n\n\n<p>Najbolji stariji junior je Viktor Duki\u0107, osvaja\u010d zlatne medalje na Evropskom prvenstvu u italijanskom Jezolu.<\/p>\n\n\n\n<p>Evropsko zlato ima i najbolji mla\u0111i junior Milo\u0161 Vojinovi\u0107, dok je najbolji klub u Crnoj Gori cetinjski Lov\u0107en.<\/p>\n\n\n\n<p>&#8222;Osvaja\u010dima zlatnih medalja na juniorskom prvenstvu Evrope, Sultanu Imeriju i Gzimu Prelvukaju, bi\u0107e uru\u010dena priznanja za ostvareni rezultat u ovoj godini&#8220;, saop\u0161teno je iz Kik boks saveza.<\/p>\n\n\n\n<p>Najavljeno je da \u0107e sve\u010dana ceremonija progla\u0161enja najboljih biti odr\u017eana 17. decembra.<\/p>","protected":false},"excerpt":{"rendered":"<p>Nemanja \u010ca\u0111enovi\u0107 najbolji je kik bokser Crne Gore u 2025. godini, odlu\u010dio je Upravni odbor Kik boks saveza.<\/p>","protected":false},"author":1,"featured_media":880880,"comment_status":"open","ping_status":"open","sticky":false,"template":"","format":"standard","meta":{"_acf_changed":false,"footnotes":"","jetpack_publicize_message":"","jetpack_publicize_feature_enabled":true,"jetpack_social_post_already_shared":false,"jetpack_social_options":{"image_generator_settings":{"template":"highway","default_image_id":0,"font":"","enabled":false},"version":2}},"categories":[15],"tags":[13701,15106,13596],"naslovna":[],"class_list":["post-890428","post","type-post","status-publish","format-standard","has-post-thumbnail","hentry","category-sport","tag-kbscg","tag-kik-boks-savez-crne-gore","tag-nemanja-cadjenovic"],"acf":[],"jetpack_publicize_connections":[],"_links":{"self":[{"href":"https:\/\/gradski.me\/en\/wp-json\/wp\/v2\/posts\/890428","targetHints":{"allow":["GET"]}}],"collection":[{"href":"https:\/\/gradski.me\/en\/wp-json\/wp\/v2\/posts"}],"about":[{"href":"https:\/\/gradski.me\/en\/wp-json\/wp\/v2\/types\/post"}],"author":[{"embeddable":true,"href":"https:\/\/gradski.me\/en\/wp-json\/wp\/v2\/users\/1"}],"replies":[{"embeddable":true,"href":"https:\/\/gradski.me\/en\/wp-json\/wp\/v2\/comments?post=890428"}],"version-history":[{"count":0,"href":"https:\/\/gradski.me\/en\/wp-json\/wp\/v2\/posts\/890428\/revisions"}],"wp:featuredmedia":[{"embeddable":true,"href":"https:\/\/gradski.me\/en\/wp-json\/wp\/v2\/media\/880880"}],"wp:attachment":[{"href":"https:\/\/gradski.me\/en\/wp-json\/wp\/v2\/media?parent=890428"}],"wp:term":[{"taxonomy":"category","embeddable":true,"href":"https:\/\/gradski.me\/en\/wp-json\/wp\/v2\/categories?post=890428"},{"taxonomy":"post_tag","embeddable":true,"href":"https:\/\/gradski.me\/en\/wp-json\/wp\/v2\/tags?post=890428"},{"taxonomy":"naslovna","embeddable":true,"href":"https:\/\/gradski.me\/en\/wp-json\/wp\/v2\/naslovna?post=890428"}],"curies":[{"name":"wp","href":"https:\/\/api.w.org\/{rel}","templated":true}]}}