{"id":890364,"date":"2025-12-11T17:00:00","date_gmt":"2025-12-11T16:00:00","guid":{"rendered":"https:\/\/gradski.me\/?p=890364"},"modified":"2025-12-11T17:00:00","modified_gmt":"2025-12-11T16:00:00","slug":"institut-za-biologiju-mora-obiljezava-64-godine-naucnog-rada","status":"publish","type":"post","link":"https:\/\/gradski.me\/en\/drustvo\/institut-za-biologiju-mora-obiljezava-64-godine-naucnog-rada\/","title":{"rendered":"Institut za biologiju mora obilje\u017eava 64 godine nau\u010dnog rada"},"content":{"rendered":"<p>U protekloj akademskoj godini objavili su 34 rada u vode\u0107im me\u0111unarodnim nau\u010dnim \u010dasopisima, i jo\u0161 vi\u0161e radova  na me\u0111unarodnim konferencijama na podru\u010dju Sredozemnog mora, Sjevernog Atlantika i Pacifika. Prvi put su u\u010destvovali na me\u0111unarodnoj nau\u010dnoj ekspedicji na Antarktiku, koja se i ove godine uspje\u0161no nastavlja u saradnji sa Bugarskim Antarkti\u010dkim Institutom.<\/p>\n\n\n\n<p>&#8222;Trenutno sprovodimo 15 me\u0111unarodnih projekata iz programa IPA, Interreg, Horizon2020, IAEA (Agencija za atomsku energiju), COST i FAO (Svjetska organizacija za hranu i poljoprivredu), zatim nekoliko bilateralnih projekata sa Italijom i Slovenijom. Dodatno, realizovano je ili je u toku oko 30-ak nacionalnih programa i projekata iz oblasti rada Instituta&#8220;, saop\u0161tili su iz Instituta za biologiju mora.<\/p>\n\n\n\n<p>U toj ustanovi ne rade samo na usavr\u0161avanju i povezivanju, ve\u0107 su ulo\u017eili i  zgradu Instituta.<\/p>\n\n\n\n<p>&#8222;Adaptirali smo i rekonstruisali prizemlje zgrade, oformili i zvani\u010dno otvorili Centar plavih ekonomija i infrastrukturne aktivnosti. Nabavljena je vrijedna laboratorijska oprema za potrebe analiza planktonskih zajednica, detaljnih analiza mikroplastike u vodi, sedimentu i morskim organizmima, kao i oprema za formiranje Centra za spa\u0161avanje i oporavak morskih kornja\u010da&#8220;, saop\u0161tili su iz te ustanove i navode da su posebna pa\u017enju posve\u0107etili i ja\u010danju kadrovske politike i pro\u0161irenju oblasti istra\u017eivanja Instituta, pa trenutno imaju 4 doktoranda.<\/p>","protected":false},"excerpt":{"rendered":"<p>Od osnivanja, do danas, u Institutu se sprovode brojna biolo\u0161ka, hemisjka, ekolo\u0161ka i taksonomska istra\u017eivanja \u017eivog svijeta ju\u017enog Jadrana, dok se u poslednje vrijeme fokus istra\u017eivanja pomjera i na udaljena podru\u010dja istra\u017eivanjem problema i pritisaka na morski ekosistem sa globalnim uticajem.<\/p>","protected":false},"author":1,"featured_media":890367,"comment_status":"open","ping_status":"open","sticky":false,"template":"","format":"standard","meta":{"_acf_changed":false,"footnotes":"","jetpack_publicize_message":"","jetpack_publicize_feature_enabled":true,"jetpack_social_post_already_shared":false,"jetpack_social_options":{"image_generator_settings":{"template":"highway","default_image_id":0,"font":"","enabled":false},"version":2}},"categories":[9],"tags":[4816,4038],"naslovna":[],"class_list":["post-890364","post","type-post","status-publish","format-standard","has-post-thumbnail","hentry","category-drustvo","tag-institut-za-biologiju-mora","tag-jubilej"],"acf":[],"jetpack_publicize_connections":[],"_links":{"self":[{"href":"https:\/\/gradski.me\/en\/wp-json\/wp\/v2\/posts\/890364","targetHints":{"allow":["GET"]}}],"collection":[{"href":"https:\/\/gradski.me\/en\/wp-json\/wp\/v2\/posts"}],"about":[{"href":"https:\/\/gradski.me\/en\/wp-json\/wp\/v2\/types\/post"}],"author":[{"embeddable":true,"href":"https:\/\/gradski.me\/en\/wp-json\/wp\/v2\/users\/1"}],"replies":[{"embeddable":true,"href":"https:\/\/gradski.me\/en\/wp-json\/wp\/v2\/comments?post=890364"}],"version-history":[{"count":0,"href":"https:\/\/gradski.me\/en\/wp-json\/wp\/v2\/posts\/890364\/revisions"}],"wp:featuredmedia":[{"embeddable":true,"href":"https:\/\/gradski.me\/en\/wp-json\/wp\/v2\/media\/890367"}],"wp:attachment":[{"href":"https:\/\/gradski.me\/en\/wp-json\/wp\/v2\/media?parent=890364"}],"wp:term":[{"taxonomy":"category","embeddable":true,"href":"https:\/\/gradski.me\/en\/wp-json\/wp\/v2\/categories?post=890364"},{"taxonomy":"post_tag","embeddable":true,"href":"https:\/\/gradski.me\/en\/wp-json\/wp\/v2\/tags?post=890364"},{"taxonomy":"naslovna","embeddable":true,"href":"https:\/\/gradski.me\/en\/wp-json\/wp\/v2\/naslovna?post=890364"}],"curies":[{"name":"wp","href":"https:\/\/api.w.org\/{rel}","templated":true}]}}