{"id":889659,"date":"2025-12-10T19:48:00","date_gmt":"2025-12-10T18:48:00","guid":{"rendered":"https:\/\/gradski.me\/?p=889659"},"modified":"2025-12-10T19:48:00","modified_gmt":"2025-12-10T18:48:00","slug":"koprivica-sdt-i-spo-prelaze-u-staru-zgradu-vlade-u-februaru","status":"publish","type":"post","link":"https:\/\/gradski.me\/en\/drustvo\/koprivica-sdt-i-spo-prelaze-u-staru-zgradu-vlade-u-februaru\/","title":{"rendered":"Koprivica: SDT i SPO prelaze u staru zgradu Vlade u februaru"},"content":{"rendered":"<p><\/p>\n\n\n\n<p><\/p>\n\n\n\n<p><\/p>\n\n\n\n<p>\u201eZavr\u0161en je tender, u prethodnom periodu je dakle izra\u0111ena obimna planska i tenderska dokumentacija. Mislim da radovi ovih dana po\u010dinju, rok je 60 dana, dakle u februaru bismo mi to ve\u0107 imali\u201c, kazao je potpredsjednik Vlade Momo Koprivica na konferenciji povodom Me\u0111unarodnog dana ljudskih prava.<\/p>\n\n\n\n<p>Predsjednik Jakov Milatovi\u0107 poru\u010dio je da gra\u0111ani s pravom o\u010dekuju efikasne institucije.<\/p>\n\n\n\n<p><\/p>\n\n\n\n<p>\u201eVladavina prava ne mo\u017ee ostati samo teorijska kategorija; ona mora da se ogleda u svakom segmentu svakodnevnog \u017eivota, u jednakosti svih pred zakonom\u201c, ocijenio je Milatovi\u0107.<\/p>\n\n\n\n<p>Da je pravosu\u0111e i dalje najproblemati\u010dniji segment kada govorimo o ljudskim pravima, ocijenili su iz Gra\u0111anske alijanse, koja je organizovala konferenciju povodom Me\u0111unarodnog dana ljudskih prava. Ka\u017eu da spori sudski postupci podrivaju povjerenje gra\u0111ana i stvaraju ozbiljne posljedice po dr\u017eavu.<\/p>\n\n\n\n<p><\/p>\n\n\n\n<p>\u201cU predmetima pred Evropskim sudom za ljudska prava, veliki dio komuniciranih predstavki, oko otprilike dvije tre\u0107ine, odnosi se upravo na povredu prava na pravi\u010dno su\u0111enje zbog predugog trajanja postupaka pred Ustavnim sudom Crne Gore\u201c, istakao je Ivan Radulovi\u0107 iz Gra\u0111anske alijanse.<\/p>\n\n\n\n<p>Me\u0111unarodni dan ljudskih prava podsje\u0107a na usvajanje Univerzalne deklaracije 1948. godine, ali i na \u010dinjenicu da se ova prava globalno i dalje kr\u0161e.<\/p>\n\n\n\n<p>\u201cLjudi se jednostavno bri\u0161u sa lica zemlje, djeca stradaju kao da su slova na papiru, a velika dru\u0161tva i savezi jo\u0161 uvijek nemaju model kako da zaustave razaranje ljudskog dostojanstva, spasu nedu\u017ene \u017eivote i omogu\u0107e ostvarivanje osnovnih ljudskih prava\u201c, ispri\u010dao je Fatmir \u0110eka, ministar ljudskih i manjinskih prava.<\/p>\n\n\n\n<p>Sa skupa je poru\u010deno da ljudska prava nemaju alternativu, a institucije, posebno pravosu\u0111e, moraju biti klju\u010dni oslonac njihove za\u0161tite.<\/p>\n\n\n\n<p><\/p>","protected":false},"excerpt":{"rendered":"<p>Selidba Specijalnog tu\u017eila\u0161tva i Specijalnog policijskog odjeljenja u staru zgradu Vlade dobila je kona\u010dan datum \u2013 februar naredne godine. Nakon odbijanja \u017ealbe kompanije Bemaks, tender za adaptaciju zgrade je i formalno okon\u010dan.<\/p>","protected":false},"author":1,"featured_media":628319,"comment_status":"open","ping_status":"open","sticky":false,"template":"","format":"standard","meta":{"_acf_changed":false,"footnotes":"","jetpack_publicize_message":"","jetpack_publicize_feature_enabled":true,"jetpack_social_post_already_shared":false,"jetpack_social_options":{"image_generator_settings":{"template":"highway","default_image_id":0,"font":"","enabled":false},"version":2}},"categories":[9],"tags":[15005,657,183,57,9564],"naslovna":[],"class_list":["post-889659","post","type-post","status-publish","format-standard","has-post-thumbnail","hentry","category-drustvo","tag-momom-koprivica","tag-potpredsjednik-vlade","tag-sdt","tag-spo","tag-stara-vlada"],"acf":[],"jetpack_publicize_connections":[],"_links":{"self":[{"href":"https:\/\/gradski.me\/en\/wp-json\/wp\/v2\/posts\/889659","targetHints":{"allow":["GET"]}}],"collection":[{"href":"https:\/\/gradski.me\/en\/wp-json\/wp\/v2\/posts"}],"about":[{"href":"https:\/\/gradski.me\/en\/wp-json\/wp\/v2\/types\/post"}],"author":[{"embeddable":true,"href":"https:\/\/gradski.me\/en\/wp-json\/wp\/v2\/users\/1"}],"replies":[{"embeddable":true,"href":"https:\/\/gradski.me\/en\/wp-json\/wp\/v2\/comments?post=889659"}],"version-history":[{"count":0,"href":"https:\/\/gradski.me\/en\/wp-json\/wp\/v2\/posts\/889659\/revisions"}],"wp:featuredmedia":[{"embeddable":true,"href":"https:\/\/gradski.me\/en\/wp-json\/wp\/v2\/media\/628319"}],"wp:attachment":[{"href":"https:\/\/gradski.me\/en\/wp-json\/wp\/v2\/media?parent=889659"}],"wp:term":[{"taxonomy":"category","embeddable":true,"href":"https:\/\/gradski.me\/en\/wp-json\/wp\/v2\/categories?post=889659"},{"taxonomy":"post_tag","embeddable":true,"href":"https:\/\/gradski.me\/en\/wp-json\/wp\/v2\/tags?post=889659"},{"taxonomy":"naslovna","embeddable":true,"href":"https:\/\/gradski.me\/en\/wp-json\/wp\/v2\/naslovna?post=889659"}],"curies":[{"name":"wp","href":"https:\/\/api.w.org\/{rel}","templated":true}]}}