{"id":889488,"date":"2025-12-10T19:20:00","date_gmt":"2025-12-10T18:20:00","guid":{"rendered":"https:\/\/gradski.me\/?p=889488"},"modified":"2025-12-10T19:20:00","modified_gmt":"2025-12-10T18:20:00","slug":"kaludjerovic-planirano-detaljno-evidentiranje-stanja-mostova-u-toku-registracija-11-novih-autobusa-masic-od-podgorice-do-beograda-putovace-se-tri-sata","status":"publish","type":"post","link":"https:\/\/gradski.me\/en\/podgorica\/kaludjerovic-planirano-detaljno-evidentiranje-stanja-mostova-u-toku-registracija-11-novih-autobusa-masic-od-podgorice-do-beograda-putovace-se-tri-sata\/","title":{"rendered":"(VIDEO) Kalu\u0111erovi\u0107: Planirano evidentiranje stanja mostova; Ma\u0161i\u0107: Za tri i po sata od Podgorice do Beograda"},"content":{"rendered":"<p><\/p>\n\n\n\n<p><\/p>\n\n\n\n<p>Detaljno evidentiranje stanja svih mostova u Glavnom gradu po\u010de\u0107e naredne godine, poru\u010duju iz Sekretarijata za saobra\u0107aj.<\/p>\n\n\n\n<p><\/p>\n\n\n\n<p>&#8222;Sa nizom profesora \u0107emo da napravimo ne\u0161to \u0161to se zove Paso\u0161 za svaki most u Podgorici. To \u0107e biti projekat gdje \u0107e ta\u010dno sada\u0161njim i va\u017ee\u0107im zakonskim i podzakonskim aktima se potruditi da u narednom periodu, i to \u0107e u\u0107i u Strategiju razvoja saobra\u0107aja, za svaki od tih mostova imati paso\u0161 sa ta\u010dno evidentiranim kada treba rekonstrukcija, kada treba adaptacija&#8220;, Ninoslav Kalu\u0111erovi\u0107, sekretar za saobra\u0107aj Glavnog grada. <\/p>\n\n\n\n<p>U toku je realizacija nekoliko va\u017enih projekata, kako bi se tranzitni saobra\u0107aj izmjestio iz centra grada.<\/p>\n\n\n\n<p>Miroslav Ma\u0161i\u0107 iz Ministarstva saobra\u0107aja podsje\u0107a da se zavr\u0161avaju bulevar Vojislavljevi\u0107a, zapadna obilaznica, te da je u toku izbor izvo\u0111a\u010da radova i obilaznica.<\/p>\n\n\n\n<p>&#8222;Kada ta tri infrastrukturna projekta zavr\u0161imo, a to je period od danas pa naredne \u010detiri godine, mi \u0107emo imati izmje\u0161ten tranzitni iz saobra\u0107aj samog jezgra grada&#8220;, ka\u017ee Ma\u0161i\u0107. <\/p>\n\n\n\n<p> Gradski prevoz, podsje\u0107a Kalu\u0111erovi\u0107, bi\u0107e bogatiji za 11 novih vozila.<\/p>\n\n\n\n<p>&#8222;Do\u0161li su na parking Puteva, u toku je procedura dobijanja neophodne dokumentacije u vidu registraicije i svega onoga i mogu da ka\u017eem gra\u0111anima da poslije praznika bude najkasnije, zbog procedure, da \u0107e se voziti u potpuno novim kombijima, novim autobusima&#8220;, ka\u017ee Kalu\u0111erovi\u0107<\/p>\n\n\n\n<p>Kada je rije\u010d o povezanosti sa regionom \u2013 odnosno Beogradom, zavr\u0161ni radovi na povezivanju auto-putem dva glavna grada o\u010dekuju se 2030. godine, isti\u010de Ma\u0161i\u0107.<\/p>\n\n\n\n<p><\/p>\n\n\n\n<p>&#8222;U toku je izrada projekta za dionicu Andrijevica-Boljare i on \u0107e biti zavr\u0161en odprilike april-maj kada \u0107emo nastojati sa kolegama iz Republike Srbije sagledamo dinamiku ili na\u010din izgradnje na\u0161ih preostalih 50 km i sa njihove teritorije 107 km&#8220;, kazao je Ma\u0161i\u0107. <\/p>\n\n\n\n<p>Sa realizacijom svih projekata, iz Podgorice \u0107e se mnogo br\u017ee i lak\u0161e putovati ka brojnim destinacijama, saglasni su sagovornici Jutarnjeg programa.<\/p>\n\n\n\n<figure class=\"wp-block-embed is-type-video is-provider-youtube wp-block-embed-youtube wp-embed-aspect-16-9 wp-has-aspect-ratio\"><div class=\"wp-block-embed__wrapper\">\n<iframe title=\"Kalu\u0111erovi\u0107: Svaki most u Podgorici dobi\u0107e svoj paso\u0161\" width=\"800\" height=\"450\" src=\"https:\/\/www.youtube.com\/embed\/MQ6HnELPnfU?feature=oembed\" frameborder=\"0\" allow=\"accelerometer; autoplay; clipboard-write; encrypted-media; gyroscope; picture-in-picture; web-share\" referrerpolicy=\"strict-origin-when-cross-origin\" allowfullscreen><\/iframe>\n<\/div><\/figure>\n\n\n\n<p><\/p>","protected":false},"excerpt":{"rendered":"<p>Sa nizom profesora napravi\u0107emo ne\u0161to \u0161to se zove Paso\u0161 za svaki most u Podgorici. Crna Gora narednih godina planira vi\u0161e saobra\u0107ajnih projekata, od modernizacije mostova do \u0161irenja putne mre\u017ee i javnog prevoza. Me\u0111u klju\u010dnim investicijama izdvaja se i budu\u0107a veza kojom bi put izme\u0111u Podgorice i Beograda trajao oko tri i po sata, poru\u010dili sagovornici RTV  Podgorica. <\/p>","protected":false},"author":1,"featured_media":889552,"comment_status":"open","ping_status":"open","sticky":false,"template":"","format":"standard","meta":{"_acf_changed":false,"footnotes":"","jetpack_publicize_message":"","jetpack_publicize_feature_enabled":true,"jetpack_social_post_already_shared":false,"jetpack_social_options":{"image_generator_settings":{"template":"highway","default_image_id":0,"font":"","enabled":false},"version":2}},"categories":[6],"tags":[14836,15000,28,68],"naslovna":[],"class_list":["post-889488","post","type-post","status-publish","format-standard","has-post-thumbnail","hentry","category-podgorica","tag-miroslav-masic","tag-ninoslav-kaludjerovic-2","tag-podgorica","tag-saobracaj"],"acf":[],"jetpack_publicize_connections":[],"_links":{"self":[{"href":"https:\/\/gradski.me\/en\/wp-json\/wp\/v2\/posts\/889488","targetHints":{"allow":["GET"]}}],"collection":[{"href":"https:\/\/gradski.me\/en\/wp-json\/wp\/v2\/posts"}],"about":[{"href":"https:\/\/gradski.me\/en\/wp-json\/wp\/v2\/types\/post"}],"author":[{"embeddable":true,"href":"https:\/\/gradski.me\/en\/wp-json\/wp\/v2\/users\/1"}],"replies":[{"embeddable":true,"href":"https:\/\/gradski.me\/en\/wp-json\/wp\/v2\/comments?post=889488"}],"version-history":[{"count":0,"href":"https:\/\/gradski.me\/en\/wp-json\/wp\/v2\/posts\/889488\/revisions"}],"wp:featuredmedia":[{"embeddable":true,"href":"https:\/\/gradski.me\/en\/wp-json\/wp\/v2\/media\/889552"}],"wp:attachment":[{"href":"https:\/\/gradski.me\/en\/wp-json\/wp\/v2\/media?parent=889488"}],"wp:term":[{"taxonomy":"category","embeddable":true,"href":"https:\/\/gradski.me\/en\/wp-json\/wp\/v2\/categories?post=889488"},{"taxonomy":"post_tag","embeddable":true,"href":"https:\/\/gradski.me\/en\/wp-json\/wp\/v2\/tags?post=889488"},{"taxonomy":"naslovna","embeddable":true,"href":"https:\/\/gradski.me\/en\/wp-json\/wp\/v2\/naslovna?post=889488"}],"curies":[{"name":"wp","href":"https:\/\/api.w.org\/{rel}","templated":true}]}}