{"id":889484,"date":"2025-12-10T17:53:52","date_gmt":"2025-12-10T16:53:52","guid":{"rendered":"https:\/\/gradski.me\/?p=889484"},"modified":"2025-12-10T17:53:52","modified_gmt":"2025-12-10T16:53:52","slug":"centar-za-obuku-u-sudstvu-i-drzavnom-tuzilastvu-obiljezio-10-godina-samostalnog-rada","status":"publish","type":"post","link":"https:\/\/gradski.me\/en\/uncategorized\/centar-za-obuku-u-sudstvu-i-drzavnom-tuzilastvu-obiljezio-10-godina-samostalnog-rada\/","title":{"rendered":"Centar za obuku u sudstvu i dr\u017eavnom tu\u017eila\u0161tvu obilje\u017eio 10 godina samostalnog rada"},"content":{"rendered":"<p>Centar je osnovan 2000. godine, kao ustanova namijenjena obuci sudija, navode\u0107i da je kroz dug i dinami\u010dan razvoj pro\u0161irio djelokrug i izrastao u klju\u010dnu instituciju za usavr\u0161avanje u oblasti prvosu\u0111a u Crnoj Gori kazala je <strong>predsjednica Upravnog odbora Centra Ljiljana Laki\u0107 <\/strong>, isti\u010du\u0107i da je 2015. godine,Centar stekao status samostalne i nezavisne institucije.<\/p>\n\n\n\n<p>\u201eTaj korak je omogu\u0107io da Centar postane strate\u0161ki stub profesionalnog usavr\u0161avanja nosilaca pravosudnih funkcija\u201c, istakla je Laki\u0107.<\/p>\n\n\n\n<p>Govore\u0107i o ulozi Centra u pravosudnom sistemu, Laki\u0107 je naglasila da se njegov doprinos ne mjeri samo brojem obuka, ve\u0107 i vrijednostima koje izgra\u0111uje.<\/p>\n\n\n\n<p>\u201eCentar ne samo da prenosi znanje i vje\u0161tine, ve\u0107 oblikuje standarde profesionalnosti, integriteta i nezavisnosti u crnogorskom pravosu\u0111u\u201c, poru\u010dila je Laki\u0107.<\/p>\n\n\n\n<p>Dodala je da su programi obuka u me\u0111uvremenu pro\u0161ireni i na druge pravne profesije.<\/p>\n\n\n\n<p>\u201eDanas su programi obuka usmjereni ne samo sudije i dr\u017eavne tu\u017eioce, ve\u0107 i advokate, notare, izvr\u0161itelje, sudske vje\u0161take, tuma\u010de i druge profesionalce. Na taj na\u010din gradimo jedinstven prostor za stru\u010dno usavr\u0161avanje u pravnom sistemu Crne Gore\u201c, rekla je Laki\u0107.<\/p>\n\n\n\n<p>Smatra da je nacionalna, regionalna i me\u0111unarodna saradnja temelj uspjeha Centra.<\/p>\n\n\n\n<p>Posebnu zahvalnost uputila je Ambasadi Sjedinjenih Ameri\u010dkih Dr\u017eava u Crnoj Gori, navode\u0107i da je njihova podr\u0161ka bila presudna za unapre\u0111enje tehni\u010dkih kapaciteta Centra i kvalitet obuka, naro\u010dito u oblastima me\u0111unarodne pravne pomo\u0107i i borbe protiv organizovanog kriminala.<\/p>\n\n\n\n<p>Tako\u0111e je istakla dugogodi\u0161nju saradnju sa institucijama Evropske unije i Savjeta Evrope, uklju\u010duju\u0107i Horizontalni mehanizam, HELP program, ERA Akademiju i Evropsku mre\u017eu za obuku u pravosu\u0111u.<\/p>\n\n\n\n<p><strong>Vrhovni dr\u017eavni tu\u017eilac, Milorad Markovi\u0107, <\/strong>istakao je da savremeno pravosu\u0111e vi\u0161e ne podrazumijeva samo poznavanje propisa, ve\u0107 i dubinsko razumijevanje slo\u017eenih i sve modernijih oblika kriminaliteta, visok nivo stru\u010dnosti u radu sa dokazima i predmetima razli\u010dite slo\u017eenosti, uklju\u010duju\u0107i i me\u0111unarodnu dimenziju.<\/p>\n\n\n\n<p><strong>Ambasadorka Sjedinjenih Ameri\u010dkih Dr\u017eava u Crnoj Gori, D\u017eudi Rajzing Rajnke, <\/strong>je ukazala da je zna\u010daj pravosudne obuke danas ve\u0107i nego ikada, s obzirom na ubrzane globalne promjene i rastu\u0107u slo\u017eenost slu\u010dajeva sa kojima se suo\u010davaju tu\u017eioci i sudije.<\/p>\n\n\n\n<p>Navele je da tehnolo\u0161ki razvoj, posebno vje\u0161ta\u010dka inteligencija, kao i sve sna\u017enija me\u0111upovezanost dru\u0161tava, donose i nove izazove i nove mogu\u0107nosti.<\/p>\n\n\n\n<p><strong>Ministar pravde Bojan Bo\u017eovi\u0107 <\/strong>poru\u010dio je, obra\u0107aju\u0107i se putem video poruke, da je 25 godina postojanja Centra za obuku u sudstvu i dr\u017eavnom tu\u017eila\u0161tvu ostavilo sna\u017ean trag u razvoju pravni\u010dke profesije, pravne nauke i pravne misli u Crnoj Gori.<\/p>\n\n\n\n<p>Istakao je da predstoje godine koje \u0107e, kako je rekao, obilje\u017eiti jedan od najva\u017enijih perioda u savremenoj istoriji dr\u017eave.<\/p>\n\n\n\n<p>\u201ePred nama je klju\u010dan korak, posebno za nas pravnike, a to je zatvaranje pregovara\u010dkog Poglavlja 23. Ne mo\u017eemo govoriti o vladavini prava bez efikasnog pravosu\u0111a. A da bismo imali efikasno pravosu\u0111e, moramo kontinuirano ulagati u znanje, edukaciju, razvoj i razmjenu mi\u0161ljenja\u201c, poru\u010dio je Bo\u017eovi\u0107.<\/p>\n\n\n\n<p>On je naglasio da su stru\u010dno usavr\u0161avanje i profesionalno sazrijevanje pravnika neophodni za kvalitetan i odgovoran rad u pravosudnom sistemu.<\/p>\n\n\n\n<p>\u201eTo je put kojim moramo i\u0107i kako bismo osigurali pravni\u010dko sazrijevanje i uspje\u0161an, odgovoran rad svih koji doprinose pravdi\u201c, zaklju\u010dio je Bo\u017eovi\u0107.<\/p>\n\n\n\n<p><strong>Predsjednik Sudskog savjeta, Radoje Kora\u0107 <\/strong>naglasio je da 25 godina rada Centra nije veliki jubilej u pore\u0111enju sa dr\u017eavama u kojima se takve institucije grade decenijama, ali da je ovaj jubilej rije\u010d svakako va\u017ean iskorak ka savremenim pravosudnim standardima.<\/p>","protected":false},"excerpt":{"rendered":"<p>Poru\u010deno je da ne samo da Centar prenosi znanje i vje\u0161tine, ve\u0107 oblikuje standarde profesionalnosti, integriteta i nezavisnosti u crnogorskom pravosu\u0111u, grade\u0107i jedinstven prostor za stru\u010dno usavr\u0161avanje i predstavljaju\u0107i strate\u0161ki stub modernog pravosudnog sistema.<\/p>","protected":false},"author":1,"featured_media":889499,"comment_status":"open","ping_status":"open","sticky":false,"template":"","format":"standard","meta":{"_acf_changed":false,"footnotes":"","jetpack_publicize_message":"","jetpack_publicize_feature_enabled":true,"jetpack_social_post_already_shared":false,"jetpack_social_options":{"image_generator_settings":{"template":"highway","default_image_id":0,"font":"","enabled":false},"version":2}},"categories":[1],"tags":[14992,9139,14993,5129,14994],"naslovna":[],"class_list":["post-889484","post","type-post","status-publish","format-standard","has-post-thumbnail","hentry","category-uncategorized","tag-centar-za-obuku-sudija-i-tuzilaca","tag-dzudi-rajzing-rajnke","tag-ljiljana-lakic","tag-milorad-markovic","tag-radoje-korac"],"acf":[],"jetpack_publicize_connections":[],"_links":{"self":[{"href":"https:\/\/gradski.me\/en\/wp-json\/wp\/v2\/posts\/889484","targetHints":{"allow":["GET"]}}],"collection":[{"href":"https:\/\/gradski.me\/en\/wp-json\/wp\/v2\/posts"}],"about":[{"href":"https:\/\/gradski.me\/en\/wp-json\/wp\/v2\/types\/post"}],"author":[{"embeddable":true,"href":"https:\/\/gradski.me\/en\/wp-json\/wp\/v2\/users\/1"}],"replies":[{"embeddable":true,"href":"https:\/\/gradski.me\/en\/wp-json\/wp\/v2\/comments?post=889484"}],"version-history":[{"count":0,"href":"https:\/\/gradski.me\/en\/wp-json\/wp\/v2\/posts\/889484\/revisions"}],"wp:featuredmedia":[{"embeddable":true,"href":"https:\/\/gradski.me\/en\/wp-json\/wp\/v2\/media\/889499"}],"wp:attachment":[{"href":"https:\/\/gradski.me\/en\/wp-json\/wp\/v2\/media?parent=889484"}],"wp:term":[{"taxonomy":"category","embeddable":true,"href":"https:\/\/gradski.me\/en\/wp-json\/wp\/v2\/categories?post=889484"},{"taxonomy":"post_tag","embeddable":true,"href":"https:\/\/gradski.me\/en\/wp-json\/wp\/v2\/tags?post=889484"},{"taxonomy":"naslovna","embeddable":true,"href":"https:\/\/gradski.me\/en\/wp-json\/wp\/v2\/naslovna?post=889484"}],"curies":[{"name":"wp","href":"https:\/\/api.w.org\/{rel}","templated":true}]}}