{"id":889132,"date":"2025-12-10T14:03:45","date_gmt":"2025-12-10T13:03:45","guid":{"rendered":"https:\/\/gradski.me\/?p=889132"},"modified":"2025-12-10T14:03:45","modified_gmt":"2025-12-10T13:03:45","slug":"vulevic-priveden-na-saslusanje-u-vdt","status":"publish","type":"post","link":"https:\/\/gradski.me\/en\/hronika\/vulevic-priveden-na-saslusanje-u-vdt\/","title":{"rendered":"Vulevi\u0107u odre\u0111eno tu\u017eila\u010dko zadr\u017eavanje, branio se \u0107utanjem"},"content":{"rendered":"<p><\/p>\n\n\n\n<p>Lazar Vulevi\u0107 saslu\u0161an je kod tu\u017eioca, nakon \u010dega mu je odre\u0111eno zadr\u017eavanje do 72 sata, saznaje portal Dan.<\/p>\n\n\n\n<p>On je osumnji\u010den za ubistvo mu\u0161ke i \u017eenske osobe M.P. (74) i M.V. (41).<\/p>\n\n\n\n<p>On se za optu\u017ebe za dvostruko ubistvo branio \u0107utanjem.<\/p>\n\n\n\n<p>Podsje\u0107amo, Lazar Vulevi\u0107 uhap\u0161en je ju\u010de nakon intenzivne potrage. Policija ga je prona\u0161la u jednom napu\u0161tenom objektu u Baru. U toj akciji u\u010destvovao je i slu\u017ebeni pas Uprave policije po imenu Sparta, koji je doprinjeo hap\u0161enju osumnji\u010denog.<\/p>\n\n\n\n<p>Iako se sumnja da je zlo\u010din po\u010dinjen nekoliko dana prije prijave, slu\u017ebenici policije koji rade na ovom slu\u010daju uspjeli su da samo par sati nakon istrage identifikuju osumnji\u010denog.<\/p>\n\n\n\n<p>Prvu informaciju, koja je dovela do otkrivanja dvostrukog ubistva, policija je dobila&nbsp; preksino\u0107 oko 19.20 \u010dasova i to od \u010dlana porodice jedne od \u017ertvi. Tada je prijavljeno da dva dana nemaju kontakt sa njim. Nakon toga kre\u0107e intenzivna istraga.<\/p>\n\n\n\n<p>Nakon \u0161to su pregledani neke od video nadzora i obrade odre\u0111enih operativnih informacija, istraga je do\u0161la do prvih rezultata. Izme\u0111u ostalog, otkriven je stan za koji se ispostavilo da je mjesto izvr\u0161enja ubistva.&nbsp;<\/p>\n\n\n\n<p>Tijela su prona\u0111ena u Ulici Peka Pavlovi\u0107a, u blizini Sportsko-ribolovnog dru\u0161tva Nik\u0161i\u0107.<\/p>\n\n\n\n<p>Slu\u017ebenici policije su, uz sve zakonske propise koji va\u017ee u ovakvim situacijama,&nbsp; otvorili vrata stana koji se nalazi u centru Nik\u0161i\u0107a i zatekli u njemu dva be\u017eivotna tijela sa vidnim povredama.<\/p>\n\n\n\n<p>Policijski slu\u017ebenici Regionalnog centra bezbjednosti \u201eZapad&#8220;, Odjeljenja bezbjednosti Nik\u0161i\u0107 su sino\u0107 oko 19.20 \u010dasova obavije\u0161teni od strane \u010dlana porodice da im se lice M.P. (74) ne javlja na telefonske pozive i da nisu uspostavili kontakt sa ovim licem ve\u0107 dva dana.<\/p>\n\n\n\n<p>Preduzimaju\u0107i sveobuhvatne mjere i radnje na pronalasku ovog lica i utvr\u0111ivanju svih okolnosti policijski slu\u017ebenici Odjeljenja bezbjednosti Nik\u0161i\u0107 su locirali jedan stan, koji je bio zaklju\u010dan. U skladu sa zakonskim ovla\u0161\u0107enjima policijski slu\u017ebenici su u\u0161li u unutra\u0161njost stana gdje su zatekli be\u017eivotno tijelo M.P., kao i be\u017eivotno tijelo M. V. (41) sa vidnim povredama za koje se sumnja da su nastale upotrebom hladnog oru\u017eja no\u017ea. Iznajmljeni stan je koristila M.V.<\/p>\n\n\n\n<p>Bez odlaganja je sa doga\u0111ajem upoznat tu\u017eilac u Vi\u0161em dr\u017eavnom tu\u017eila\u0161tvu u Podgorici koji je zajedno sa policijskim slu\u017ebenicima izvr\u0161io uvi\u0111aj na licu mjesta. Tokom preduzetih policijsko &#8211; tu\u017eila\u010dkih aktivnosti policija je do\u0161la do saznanja o identitetu izvr\u0161ioca ovog krivi\u010dnog djela, na \u010dijem lociranju i li\u0161enju slobode se intenzivno radi.<\/p>\n\n\n\n<p>&#8222;Motiv ovog te\u0161kog krivi\u010dnog djela je poznat nadle\u017enim organima, a uzimaju\u0107i u obzir njegovu te\u017einu, ali i privatne prilike o\u0161te\u0107enih lica i izvr\u0161ioca, u ovoj fazi postupka ne mo\u017eemo saop\u0161titi vi\u0161e detalja&#8220;, saop\u0161teno je ju\u010de iz UP.<\/p>\n\n\n\n<figure class=\"wp-block-embed is-type-wp-embed is-provider-gradski-portal wp-block-embed-gradski-portal\"><div class=\"wp-block-embed__wrapper\">\n<blockquote class=\"wp-embedded-content\" data-secret=\"x0yhawSqIT\"><a href=\"https:\/\/gradski.me\/en\/u-baru-lociran-i-uhapsen-osumnjiceni-za-dvostruko-ubistvo-u-niksicu\/\">(VIDEO) U Baru uhap\u0161en Lazar Vulevi\u0107, osumnji\u010den za dvostruko ubistvo u Nik\u0161i\u0107u<\/a><\/blockquote><iframe class=\"wp-embedded-content\" sandbox=\"allow-scripts\" security=\"restricted\" style=\"position: absolute; visibility: hidden;\" title=\"&#132;(VIDEO) U Baru uhap\u0161en Lazar Vulevi\u0107, osumnji\u010den za dvostruko ubistvo u Nik\u0161i\u0107u&#147; &#8212; Gradski portal\" src=\"https:\/\/gradski.me\/u-baru-lociran-i-uhapsen-osumnjiceni-za-dvostruko-ubistvo-u-niksicu\/embed\/#?secret=0QAL4fWfxC#?secret=x0yhawSqIT\" data-secret=\"x0yhawSqIT\" width=\"600\" height=\"338\" frameborder=\"0\" marginwidth=\"0\" marginheight=\"0\" scrolling=\"no\"><\/iframe>\n<\/div><\/figure>","protected":false},"excerpt":{"rendered":"<p>Osumnji\u010deni za dvostruko ubistvo u Nik\u0161i\u0107u, Baranin Lazar Vulevi\u0107, priveden je na saslu\u0161anje u Vi\u0161e dr\u017eavno tu\u017eila\u0161tvu u Podgorici.<\/p>","protected":false},"author":1,"featured_media":888425,"comment_status":"open","ping_status":"open","sticky":false,"template":"","format":"standard","meta":{"_acf_changed":false,"footnotes":"","jetpack_publicize_message":"","jetpack_publicize_feature_enabled":true,"jetpack_social_post_already_shared":false,"jetpack_social_options":{"image_generator_settings":{"template":"highway","default_image_id":0,"font":"","enabled":false},"version":2}},"categories":[10],"tags":[14867,14956,447],"naslovna":[],"class_list":["post-889132","post","type-post","status-publish","format-standard","has-post-thumbnail","hentry","category-hronika","tag-lazar-vulevic","tag-srivodjenje","tag-vdt"],"acf":[],"jetpack_publicize_connections":[],"_links":{"self":[{"href":"https:\/\/gradski.me\/en\/wp-json\/wp\/v2\/posts\/889132","targetHints":{"allow":["GET"]}}],"collection":[{"href":"https:\/\/gradski.me\/en\/wp-json\/wp\/v2\/posts"}],"about":[{"href":"https:\/\/gradski.me\/en\/wp-json\/wp\/v2\/types\/post"}],"author":[{"embeddable":true,"href":"https:\/\/gradski.me\/en\/wp-json\/wp\/v2\/users\/1"}],"replies":[{"embeddable":true,"href":"https:\/\/gradski.me\/en\/wp-json\/wp\/v2\/comments?post=889132"}],"version-history":[{"count":0,"href":"https:\/\/gradski.me\/en\/wp-json\/wp\/v2\/posts\/889132\/revisions"}],"wp:featuredmedia":[{"embeddable":true,"href":"https:\/\/gradski.me\/en\/wp-json\/wp\/v2\/media\/888425"}],"wp:attachment":[{"href":"https:\/\/gradski.me\/en\/wp-json\/wp\/v2\/media?parent=889132"}],"wp:term":[{"taxonomy":"category","embeddable":true,"href":"https:\/\/gradski.me\/en\/wp-json\/wp\/v2\/categories?post=889132"},{"taxonomy":"post_tag","embeddable":true,"href":"https:\/\/gradski.me\/en\/wp-json\/wp\/v2\/tags?post=889132"},{"taxonomy":"naslovna","embeddable":true,"href":"https:\/\/gradski.me\/en\/wp-json\/wp\/v2\/naslovna?post=889132"}],"curies":[{"name":"wp","href":"https:\/\/api.w.org\/{rel}","templated":true}]}}