{"id":889119,"date":"2025-12-10T14:00:00","date_gmt":"2025-12-10T13:00:00","guid":{"rendered":"https:\/\/gradski.me\/?p=889119"},"modified":"2025-12-10T14:00:00","modified_gmt":"2025-12-10T13:00:00","slug":"predstava-princeza-ksenija-od-crne-gore-u-tivtu","status":"publish","type":"post","link":"https:\/\/gradski.me\/en\/kultura\/predstava-princeza-ksenija-od-crne-gore-u-tivtu\/","title":{"rendered":"Predstava &#8222;Princeza Ksenija od Crne Gore&#8220; u Tivtu"},"content":{"rendered":"<p>&#8222;Jedna je od najizvo\u0111enijih predstava u istoriji crnogorskog pozori\u0161ta, premijerno izvedena u Zetskom domu na Cetinju 1994. godine. Premijera obnove predstave na Velikoj sceni Crnogorskog narodnog pozori\u0161ta desila se u februaru 2025. godine&#8220;, stoji u saop\u0161tenju.<\/p>\n\n\n\n<p>Odigrana 159 puta stekla je, kako je svojevremeno zapisao teatrolog Feliks Pa\u0161i\u0107 \u201cstatus kultne predstave, koja kao pozori\u0161na pri\u010da zalazi neposredno u istorijsko pam\u0107enje, a po ocjeni pozori\u0161ne kritike uspostavljao se odnos izme\u0111u gledali\u0161ta i scene kroz posebno sna\u017ene emocije, gotovo pobo\u017eno \u2013 \u0161to je \u010dini pozori\u0161nim fenomenom\u201d.<\/p>\n\n\n\n<p>Re\u017eiju potpisuje Radmila Vojvodi\u0107, dramaturg je Bo\u017eo Koprivica, kostimograf Boris \u010cak\u0161iran, scenografkinja Marija Kalabi\u0107, kompozitor \u017darko Mirkovi\u0107, asistentkinja re\u017eije Nata\u0161a Mili\u0107evi\u0107, izvr\u0161ni producenti Danilo Milatovi\u0107 i Vukosava Tomovi\u0107, urednik kataloga Janko Ljumovi\u0107 i saradnica Darja \u0160ukovi\u0107.<\/p>\n\n\n\n<p>Na sceni \u0107e igrati: Varja \u0110uki\u0107, Ana Vu\u010dkovi\u0107, Dejan Ivani\u0107, Izudin Bajrovi\u0107, Gorana Markovi\u0107, Aleksandar Radulovi\u0107, Julija Mila\u010di\u0107 Petrovi\u0107 Njego\u0161, Slobodan Marunovi\u0107, Du\u0161an Kova\u010devi\u0107, Nada Vuk\u010devi\u0107 i Milo\u0161 Ka\u0161\u0107elan.<\/p>\n\n\n\n<p>Ulaznice su dostupne na blagajni Centra za kulturu Tivat od 10 do 14 \u010dasova, dva sata prije po\u010detka predstave, kao i online putem zvani\u010dnog sajta czktivat.me.<\/p>","protected":false},"excerpt":{"rendered":"<p>Pozori\u0161na predstava \u201cPRINCEZA KSENIJA OD CRNE GORE\u201d, u koprodukciji Crnogorskog narodnog pozori\u0161ta iz Podgorice i Kraljevskog pozori\u0161ta \u201cZetski Dom\u201d sa Cetinja bi\u0107e izvedena u \u010detvrtak, 11. decembra u 20 \u010dasova u Velikoj sali Centra za kulturu Tivat.<\/p>","protected":false},"author":1,"featured_media":889121,"comment_status":"open","ping_status":"open","sticky":false,"template":"","format":"standard","meta":{"_acf_changed":false,"footnotes":"","jetpack_publicize_message":"","jetpack_publicize_feature_enabled":true,"jetpack_social_post_already_shared":false,"jetpack_social_options":{"image_generator_settings":{"template":"highway","default_image_id":0,"font":"","enabled":false},"version":2}},"categories":[11],"tags":[1035,188,159],"naslovna":[],"class_list":["post-889119","post","type-post","status-publish","format-standard","has-post-thumbnail","hentry","category-kultura","tag-princeza-ksenija-od-crne-gore","tag-crna-gora","tag-tivat"],"acf":[],"jetpack_publicize_connections":[],"_links":{"self":[{"href":"https:\/\/gradski.me\/en\/wp-json\/wp\/v2\/posts\/889119","targetHints":{"allow":["GET"]}}],"collection":[{"href":"https:\/\/gradski.me\/en\/wp-json\/wp\/v2\/posts"}],"about":[{"href":"https:\/\/gradski.me\/en\/wp-json\/wp\/v2\/types\/post"}],"author":[{"embeddable":true,"href":"https:\/\/gradski.me\/en\/wp-json\/wp\/v2\/users\/1"}],"replies":[{"embeddable":true,"href":"https:\/\/gradski.me\/en\/wp-json\/wp\/v2\/comments?post=889119"}],"version-history":[{"count":0,"href":"https:\/\/gradski.me\/en\/wp-json\/wp\/v2\/posts\/889119\/revisions"}],"wp:featuredmedia":[{"embeddable":true,"href":"https:\/\/gradski.me\/en\/wp-json\/wp\/v2\/media\/889121"}],"wp:attachment":[{"href":"https:\/\/gradski.me\/en\/wp-json\/wp\/v2\/media?parent=889119"}],"wp:term":[{"taxonomy":"category","embeddable":true,"href":"https:\/\/gradski.me\/en\/wp-json\/wp\/v2\/categories?post=889119"},{"taxonomy":"post_tag","embeddable":true,"href":"https:\/\/gradski.me\/en\/wp-json\/wp\/v2\/tags?post=889119"},{"taxonomy":"naslovna","embeddable":true,"href":"https:\/\/gradski.me\/en\/wp-json\/wp\/v2\/naslovna?post=889119"}],"curies":[{"name":"wp","href":"https:\/\/api.w.org\/{rel}","templated":true}]}}