{"id":888357,"date":"2025-12-09T15:50:54","date_gmt":"2025-12-09T14:50:54","guid":{"rendered":"https:\/\/gradski.me\/?p=888357"},"modified":"2025-12-09T15:50:54","modified_gmt":"2025-12-09T14:50:54","slug":"u-baru-lociran-i-uhapsen-osumnjiceni-za-dvostruko-ubistvo-u-niksicu","status":"publish","type":"post","link":"https:\/\/gradski.me\/en\/hronika\/u-baru-lociran-i-uhapsen-osumnjiceni-za-dvostruko-ubistvo-u-niksicu\/","title":{"rendered":"(VIDEO) U Baru uhap\u0161en Lazar Vulevi\u0107, osumnji\u010den za dvostruko ubistvo u Nik\u0161i\u0107u"},"content":{"rendered":"<p>&#8222;Naime, osumnji\u010deni za te\u0161ko ubistvo, Lazar Vulevi\u0107 je, od strane policijskih slu\u017ebenika uz upotrebu slu\u017ebenog psa, u veoma kratkom roku lociran u jednom izolovanom objektu u Baru i li\u0161en slobode&#8220;, navode iz policije.<\/p>\n\n\n\n<p>Iz policije su kazali da \u0107e on uz krivi\u010dnu prijavu u zakonskom roku biti priveden tu\u017eiocu u Vi\u0161em dr\u017eavnom tu\u017eila\u0161tvu u Podgorici na dalju nadle\u017enost.<\/p>\n\n\n\n<p>Podsje\u0107amo, osumnji\u010deni je danas, od strane policijskih slu\u017ebenika, uz upotrebu slu\u017ebenog psa, u veoma kratkom roku lociran u jednom izolovanom objektu u Baru i li\u0161en slobode.<\/p>\n\n\n\n<figure class=\"wp-block-video\"><video height=\"1080\" style=\"aspect-ratio: 1920 \/ 1080;\" width=\"1920\" controls src=\"https:\/\/new.gradski.me\/wp-content\/uploads\/2025\/12\/UP.mp4\"><\/video><figcaption class=\"wp-element-caption\">video: UP<\/figcaption><\/figure>\n\n\n\n<figure class=\"wp-block-image size-large\"><img decoding=\"async\" src=\"https:\/\/new.gradski.me\/wp-content\/uploads\/2025\/12\/1-4-861x1024.jpg\" alt=\"\" class=\"wp-image-888427\" title=\"\"><figcaption class=\"wp-element-caption\">photo: UP<\/figcaption><\/figure>","protected":false},"excerpt":{"rendered":"<p>Policijski slu\u017ebenici Regionalnog centra bezbjednosti \u201eJug\u201c, Odjeljenja bezbjednosti Bar su, u saradnji sa slu\u017ebenicima Sektora grani\u010dne policije, anga\u017euju\u0107i sve raspolo\u017eive resurse i sprovode\u0107i hitne intenzivne mjere i radnje iz svoje nadle\u017enosti, locirali i li\u0161ili slobode lice osumnji\u010deno za dvostruko ubistvo u Nik\u0161i\u0107u, saop\u0161teno je iz policije.<\/p>","protected":false},"author":1,"featured_media":888425,"comment_status":"open","ping_status":"open","sticky":false,"template":"","format":"standard","meta":{"_acf_changed":false,"footnotes":"","jetpack_publicize_message":"","jetpack_publicize_feature_enabled":true,"jetpack_social_post_already_shared":false,"jetpack_social_options":{"image_generator_settings":{"template":"highway","default_image_id":0,"font":"","enabled":false},"version":2}},"categories":[10],"tags":[14867,109],"naslovna":[],"class_list":["post-888357","post","type-post","status-publish","format-standard","has-post-thumbnail","hentry","category-hronika","tag-lazar-vulevic","tag-uprava-policije"],"acf":[],"jetpack_publicize_connections":[],"_links":{"self":[{"href":"https:\/\/gradski.me\/en\/wp-json\/wp\/v2\/posts\/888357","targetHints":{"allow":["GET"]}}],"collection":[{"href":"https:\/\/gradski.me\/en\/wp-json\/wp\/v2\/posts"}],"about":[{"href":"https:\/\/gradski.me\/en\/wp-json\/wp\/v2\/types\/post"}],"author":[{"embeddable":true,"href":"https:\/\/gradski.me\/en\/wp-json\/wp\/v2\/users\/1"}],"replies":[{"embeddable":true,"href":"https:\/\/gradski.me\/en\/wp-json\/wp\/v2\/comments?post=888357"}],"version-history":[{"count":0,"href":"https:\/\/gradski.me\/en\/wp-json\/wp\/v2\/posts\/888357\/revisions"}],"wp:featuredmedia":[{"embeddable":true,"href":"https:\/\/gradski.me\/en\/wp-json\/wp\/v2\/media\/888425"}],"wp:attachment":[{"href":"https:\/\/gradski.me\/en\/wp-json\/wp\/v2\/media?parent=888357"}],"wp:term":[{"taxonomy":"category","embeddable":true,"href":"https:\/\/gradski.me\/en\/wp-json\/wp\/v2\/categories?post=888357"},{"taxonomy":"post_tag","embeddable":true,"href":"https:\/\/gradski.me\/en\/wp-json\/wp\/v2\/tags?post=888357"},{"taxonomy":"naslovna","embeddable":true,"href":"https:\/\/gradski.me\/en\/wp-json\/wp\/v2\/naslovna?post=888357"}],"curies":[{"name":"wp","href":"https:\/\/api.w.org\/{rel}","templated":true}]}}