{"id":888329,"date":"2025-12-10T10:10:00","date_gmt":"2025-12-10T09:10:00","guid":{"rendered":"https:\/\/gradski.me\/?p=888329"},"modified":"2025-12-10T10:10:00","modified_gmt":"2025-12-10T09:10:00","slug":"barani-traze-brejk-u-tuzli","status":"publish","type":"post","link":"https:\/\/gradski.me\/en\/sport\/barani-traze-brejk-u-tuzli\/","title":{"rendered":"Barani tra\u017ee brejk u Tuzli"},"content":{"rendered":"<p>Barani su imali dosta problema sa povredama, ali trener Mihailo Pavi\u0107evi\u0107 otkrio je da je zdravstveni bliten ne\u0161to bolji od duela sa Vr\u0161cem. <\/p>\n\n\n\n<p>\u201cImali smo dosta objektivnih problema sa povredama plejmejkera. Ostali smo du\u017ei period bez plejmejkera. Ne polazi za rukom ni boljim trenerima da organizuju igru bez plejmejkera, a ne mojoj malenkosti. Tako da se to odrazilo na rezultat ekipe. Bili smo svjesni u kojoj smo situaciji i nismo pani\u010dili. Nema razloga ove godine za paniku nikakvu. Stanje se popravilo, Mejson se vratio iz povrede. Iako je Kris zadobio povredu u zadnjoj utakmici, ne znam ho\u0107e li biti u stanju da igra u Tuzli\u201c, kazao je Pavi\u0107evi\u0107 u najavi utakmice.<\/p>\n\n\n\n<p>Mornar je trenutno na skoru 2-1, Sloboda je negativna 1-2. <\/p>\n\n\n\n<p>\u201cIdemo u dobrom raspolo\u017eenju. Radili smo jako dobro, ba\u0161 sam bio zadovoljan i tako rezultiralo je dobrom utakmicom u doma\u0107em prvenstvu na strani. Ekipa Slobode je dobra ekipa, kao i sve ekipe u ABA2 ligi. Niko ne mo\u017ee da ka\u017ee da je neko favorit, dosta je ujedna\u010den kvalitet. Ko bude raspolo\u017eeniji i nametne svoj stil, ima vi\u0161e \u0161anse za pobjedu\u201c, smatra Pavi\u0107evi\u0107.<\/p>\n\n\n\n<p>Trener Slobode, Marko Trbi\u0107 po\u0161tuje rivala, ali vjeruje u pobjedu njegove ekipe.<\/p>\n\n\n\n<p>&#8222;Igramo protiv tima koji u posljednjih petnaest godina igra va\u017enu ulogu u ABA ligi. Ove godine imaju ne\u0161to neiskusniju ekipu, ali i sada su jako kvalitetan tim \u0161to su pokazali u zadnjem kolu doma\u0107eg prvenstva kada su u gostima savladali Jedinstvo. Nadam se da \u0107emo mi nastupiti u punom sastavu, maksimalno pripremljeni i motivisani jer to je preduslov da bi do\u0161li u priliku da pobijedimo&#8220;, kazao je Trbi\u0107. <\/p>\n\n\n\n<p>Utakmica u SKPC &#8222;Mejdan&#8220; zakazana je za 18 sati. <\/p>","protected":false},"excerpt":{"rendered":"<p>Ko\u0161arka\u0161i Mornara Barsko zlato gostuju sjutra ekipi Slobode u Tuzli u utakmici \u010detvrtog kola ABA2 lige. <\/p>","protected":false},"author":1,"featured_media":888340,"comment_status":"open","ping_status":"open","sticky":false,"template":"","format":"standard","meta":{"_acf_changed":false,"footnotes":"","jetpack_publicize_message":"","jetpack_publicize_feature_enabled":true,"jetpack_social_post_already_shared":false,"jetpack_social_options":{"image_generator_settings":{"template":"highway","default_image_id":0,"font":"","enabled":false},"version":2}},"categories":[15],"tags":[3239,9432,10276],"naslovna":[],"class_list":["post-888329","post","type-post","status-publish","format-standard","has-post-thumbnail","hentry","category-sport","tag-aba2-liga","tag-kk-mornar-barsko-zlato","tag-kk-sloboda"],"acf":[],"jetpack_publicize_connections":[],"_links":{"self":[{"href":"https:\/\/gradski.me\/en\/wp-json\/wp\/v2\/posts\/888329","targetHints":{"allow":["GET"]}}],"collection":[{"href":"https:\/\/gradski.me\/en\/wp-json\/wp\/v2\/posts"}],"about":[{"href":"https:\/\/gradski.me\/en\/wp-json\/wp\/v2\/types\/post"}],"author":[{"embeddable":true,"href":"https:\/\/gradski.me\/en\/wp-json\/wp\/v2\/users\/1"}],"replies":[{"embeddable":true,"href":"https:\/\/gradski.me\/en\/wp-json\/wp\/v2\/comments?post=888329"}],"version-history":[{"count":0,"href":"https:\/\/gradski.me\/en\/wp-json\/wp\/v2\/posts\/888329\/revisions"}],"wp:featuredmedia":[{"embeddable":true,"href":"https:\/\/gradski.me\/en\/wp-json\/wp\/v2\/media\/888340"}],"wp:attachment":[{"href":"https:\/\/gradski.me\/en\/wp-json\/wp\/v2\/media?parent=888329"}],"wp:term":[{"taxonomy":"category","embeddable":true,"href":"https:\/\/gradski.me\/en\/wp-json\/wp\/v2\/categories?post=888329"},{"taxonomy":"post_tag","embeddable":true,"href":"https:\/\/gradski.me\/en\/wp-json\/wp\/v2\/tags?post=888329"},{"taxonomy":"naslovna","embeddable":true,"href":"https:\/\/gradski.me\/en\/wp-json\/wp\/v2\/naslovna?post=888329"}],"curies":[{"name":"wp","href":"https:\/\/api.w.org\/{rel}","templated":true}]}}