{"id":888221,"date":"2025-12-09T13:44:15","date_gmt":"2025-12-09T12:44:15","guid":{"rendered":"https:\/\/gradski.me\/?p=888221"},"modified":"2025-12-09T13:44:15","modified_gmt":"2025-12-09T12:44:15","slug":"radna-posjeta-argentini-ivanovic-sa-najvisim-drzavnim-zvanicnicima-i-crnogorskom-zajednicom","status":"publish","type":"post","link":"https:\/\/gradski.me\/en\/politika\/radna-posjeta-argentini-ivanovic-sa-najvisim-drzavnim-zvanicnicima-i-crnogorskom-zajednicom\/","title":{"rendered":"Working visit to Argentina: Ivanovic with top state officials and Montenegrin community"},"content":{"rendered":"<p><\/p>\n\n\n\n<p><\/p>\n\n\n\n<p>&#8222;Tokom posjete, potpredsjednik Ivanovi\u0107 odr\u017ea\u0107e niz sastanaka sa najvi\u0161im argentinskim zvani\u010dnicima. Poseban segment posjete bi\u0107e susret sa crnogorskom zajednicom u Argentini. Slu\u017eba za odnose s javno\u0161\u0107u Vlade dostavi\u0107e medijima saop\u0161tenje i fotografije sa odr\u017eanih sastanaka&#8220;, kazali su u saop\u0161tenju.<\/p>","protected":false},"excerpt":{"rendered":"<p>Potpredsjednik Vlade za vanjske i evropske poslove Crne Gore dr Filip Ivanovi\u0107 boravi\u0107e u radnoj posjeti Republici Argentini u periodu od 9. do 14. decembra 2025. godine, saop\u0161teno je iz Vlade.<\/p>","protected":false},"author":1,"featured_media":474130,"comment_status":"open","ping_status":"open","sticky":false,"template":"","format":"standard","meta":{"_acf_changed":false,"footnotes":"","jetpack_publicize_message":"","jetpack_publicize_feature_enabled":true,"jetpack_social_post_already_shared":false,"jetpack_social_options":{"image_generator_settings":{"template":"highway","default_image_id":0,"font":"","enabled":false},"version":2}},"categories":[7],"tags":[4332,6880,1550],"naslovna":[],"class_list":["post-888221","post","type-post","status-publish","format-standard","has-post-thumbnail","hentry","category-politika","tag-argentina","tag-ivanovic-2","tag-posjeta"],"acf":[],"jetpack_publicize_connections":[],"_links":{"self":[{"href":"https:\/\/gradski.me\/en\/wp-json\/wp\/v2\/posts\/888221","targetHints":{"allow":["GET"]}}],"collection":[{"href":"https:\/\/gradski.me\/en\/wp-json\/wp\/v2\/posts"}],"about":[{"href":"https:\/\/gradski.me\/en\/wp-json\/wp\/v2\/types\/post"}],"author":[{"embeddable":true,"href":"https:\/\/gradski.me\/en\/wp-json\/wp\/v2\/users\/1"}],"replies":[{"embeddable":true,"href":"https:\/\/gradski.me\/en\/wp-json\/wp\/v2\/comments?post=888221"}],"version-history":[{"count":0,"href":"https:\/\/gradski.me\/en\/wp-json\/wp\/v2\/posts\/888221\/revisions"}],"wp:featuredmedia":[{"embeddable":true,"href":"https:\/\/gradski.me\/en\/wp-json\/wp\/v2\/media\/474130"}],"wp:attachment":[{"href":"https:\/\/gradski.me\/en\/wp-json\/wp\/v2\/media?parent=888221"}],"wp:term":[{"taxonomy":"category","embeddable":true,"href":"https:\/\/gradski.me\/en\/wp-json\/wp\/v2\/categories?post=888221"},{"taxonomy":"post_tag","embeddable":true,"href":"https:\/\/gradski.me\/en\/wp-json\/wp\/v2\/tags?post=888221"},{"taxonomy":"naslovna","embeddable":true,"href":"https:\/\/gradski.me\/en\/wp-json\/wp\/v2\/naslovna?post=888221"}],"curies":[{"name":"wp","href":"https:\/\/api.w.org\/{rel}","templated":true}]}}