{"id":888167,"date":"2025-12-09T12:42:45","date_gmt":"2025-12-09T11:42:45","guid":{"rendered":"https:\/\/gradski.me\/?p=888167"},"modified":"2025-12-09T12:42:45","modified_gmt":"2025-12-09T11:42:45","slug":"foto-potrazuje-se-lazar-vulevic-zbog-dvostrukog-ubistva-u-niksicu","status":"publish","type":"post","link":"https:\/\/gradski.me\/en\/hronika\/foto-potrazuje-se-lazar-vulevic-zbog-dvostrukog-ubistva-u-niksicu\/","title":{"rendered":"(FOTO) Potra\u017euje se Lazar Vulevi\u0107 zbog dvostrukog ubistva u Nik\u0161i\u0107u"},"content":{"rendered":"<p>&#8222;Apelujemo na gra\u0111ane da, ukoliko posjeduju bilo kakve informacije o ovom licu, ta saznanja prijave u najbli\u017eoj policijskoj stanici, putem de\u017eurnog broja 122 ili anonimno na broj 19969, i da ukoliko se na\u0111u na istom prostoru ili objektu sa ovim licem, budu oprezni&#8220;, stoji u saop\u0161tenju.<\/p>\n\n\n\n<p>U prilogu saop\u0161tenja dostavljamo, radi objave,&nbsp;fotografije osumnji\u010denog lica,&nbsp;koje su preuzete iz javno dostupnih&nbsp;otvorenih&nbsp;izvora, u cilju lak\u0161eg&nbsp;prepoznavanja i prijavljivanja osumnji\u010denog.<\/p>\n\n\n\n<figure class=\"wp-block-image size-large\"><img decoding=\"async\" src=\"https:\/\/gradski.me\/wp-content\/uploads\/2025\/12\/Vulevic-1021x1024.jpeg\" alt=\"\" class=\"wp-image-888169\" title=\"\"><figcaption class=\"wp-element-caption\">Photo: UP<\/figcaption><\/figure>\n\n\n\n<p>Podsje\u0107amo, policija je na osnovu prijave, sino\u0107 u Nik\u0161i\u0107u, u jednom stanu, prona\u0161la dva be\u017eivotna tijela sa ranama prouzrokovanim hladnim oru\u017ejem, odnosno no\u017eem.<\/p>\n\n\n\n<figure class=\"wp-block-embed is-type-wp-embed is-provider-gradski-portal wp-block-embed-gradski-portal\"><div class=\"wp-block-embed__wrapper\">\n<blockquote class=\"wp-embedded-content\" data-secret=\"DBJrzC3Z5K\"><a href=\"https:\/\/gradski.me\/en\/niksic-tijela-dvije-osobe-pronadjena-u-stanu\/\">Dvostruko ubistvo u Nik\u0161i\u0107u: Policija identifikovala ubicu, potraga u toku<\/a><\/blockquote><iframe class=\"wp-embedded-content\" sandbox=\"allow-scripts\" security=\"restricted\" style=\"position: absolute; visibility: hidden;\" title=\"&#8220;Dvostruko ubistvo u Nik\u0161i\u0107u: Policija identifikovala ubicu, potraga u toku&#8221; &#8212; Gradski portal\" src=\"https:\/\/gradski.me\/niksic-tijela-dvije-osobe-pronadjena-u-stanu\/embed\/#?secret=hHmncRlIvT#?secret=DBJrzC3Z5K\" data-secret=\"DBJrzC3Z5K\" width=\"600\" height=\"338\" frameborder=\"0\" marginwidth=\"0\" marginheight=\"0\" scrolling=\"no\"><\/iframe>\n<\/div><\/figure>\n\n\n\n<p><\/p>","protected":false},"excerpt":{"rendered":"<p>Policijski slu\u017ebenici Regionalnog centra bezbjednosti \u201eZapad\u201c, Odjeljenja bezbjednosti Nik\u0161i\u0107 potra\u017euju Lazara Vulevi\u0107a (50) iz Bara zbog sumnje da je izvr\u0161io dvostruko ubistvo na \u0161tetu M.P. i M.V. iz Nik\u0161i\u0107a, saop\u0161teno je iz Uprave policije (UP).<\/p>","protected":false},"author":1,"featured_media":888177,"comment_status":"open","ping_status":"open","sticky":false,"template":"","format":"standard","meta":{"_acf_changed":false,"footnotes":"","jetpack_publicize_message":"","jetpack_publicize_feature_enabled":true,"jetpack_social_post_already_shared":false,"jetpack_social_options":{"image_generator_settings":{"template":"highway","default_image_id":0,"font":"","enabled":false},"version":2}},"categories":[10],"tags":[14867,174,14868],"naslovna":[],"class_list":["post-888167","post","type-post","status-publish","format-standard","has-post-thumbnail","hentry","category-hronika","tag-lazar-vulevic","tag-policija","tag-potraga"],"acf":[],"jetpack_publicize_connections":[],"_links":{"self":[{"href":"https:\/\/gradski.me\/en\/wp-json\/wp\/v2\/posts\/888167","targetHints":{"allow":["GET"]}}],"collection":[{"href":"https:\/\/gradski.me\/en\/wp-json\/wp\/v2\/posts"}],"about":[{"href":"https:\/\/gradski.me\/en\/wp-json\/wp\/v2\/types\/post"}],"author":[{"embeddable":true,"href":"https:\/\/gradski.me\/en\/wp-json\/wp\/v2\/users\/1"}],"replies":[{"embeddable":true,"href":"https:\/\/gradski.me\/en\/wp-json\/wp\/v2\/comments?post=888167"}],"version-history":[{"count":0,"href":"https:\/\/gradski.me\/en\/wp-json\/wp\/v2\/posts\/888167\/revisions"}],"wp:featuredmedia":[{"embeddable":true,"href":"https:\/\/gradski.me\/en\/wp-json\/wp\/v2\/media\/888177"}],"wp:attachment":[{"href":"https:\/\/gradski.me\/en\/wp-json\/wp\/v2\/media?parent=888167"}],"wp:term":[{"taxonomy":"category","embeddable":true,"href":"https:\/\/gradski.me\/en\/wp-json\/wp\/v2\/categories?post=888167"},{"taxonomy":"post_tag","embeddable":true,"href":"https:\/\/gradski.me\/en\/wp-json\/wp\/v2\/tags?post=888167"},{"taxonomy":"naslovna","embeddable":true,"href":"https:\/\/gradski.me\/en\/wp-json\/wp\/v2\/naslovna?post=888167"}],"curies":[{"name":"wp","href":"https:\/\/api.w.org\/{rel}","templated":true}]}}