{"id":887959,"date":"2025-12-09T09:23:00","date_gmt":"2025-12-09T08:23:00","guid":{"rendered":"https:\/\/gradski.me\/?p=887959"},"modified":"2025-12-09T09:23:00","modified_gmt":"2025-12-09T08:23:00","slug":"volkswagen-planira-skromnija-ulaganja-do-2030-godine","status":"publish","type":"post","link":"https:\/\/gradski.me\/en\/svijet\/volkswagen-planira-skromnija-ulaganja-do-2030-godine\/","title":{"rendered":"Volkswagen planira skromnija ulaganja do 2030. godine"},"content":{"rendered":"<p>Uprava grupe a\u017eurira iznos ulaganja svake godine, u sklopu petogodi\u0161njeg investicijskog plana, i u razdoblju od ove do 2029. zacrtala je iznos od 165 milijardi EUR.<\/p>\n\n\n\n<p>U periodu od pro\u0161le do 2028. godine plan je predvi\u0111ao 180 milijardi EUR ulaganja, s vrhuncem u pro\u0161loj godini, prenosi SEEbiz.<\/p>\n\n\n\n<p>Grupa Volkswagen uklju\u010duje, uz istoimeni brend, i Porsche i Audi, i trenutno ima pote\u0161ko\u0107e s ameri\u010dkim carinama i sa \u017eestokom konkurencijom u Kini. Najvi\u0161e je u takvim uslovima stradala zarada Porschea koji na ta dva tr\u017ei\u0161ta prodaje otprilike polovinu automobila.<\/p>\n\n\n\n<p>Blume je za nedjeljno izdanje Frankfurter Allgemeine Zeitunga rekao da je fokus najnovijeg plana potro\u0161nje na Njema\u010dkoj i na Evropi, uklju\u010duju\u0107i proizvode, tehnologiju i infrastrukturu.<\/p>\n\n\n\n<p>Razmatra se i mogu\u0107nost fabrike u SAD-u \u010dija bi gradnja zavisila od finansijske podr\u0161ke Va\u0161ingtona, dodao je \u010delnik automobilskog diva.<\/p>\n\n\n\n<p>Uprava ne o\u010dekuje rast brenda Porschea u Kini, ali Blume je nazna\u010dio mogu\u0107nost lokalizacije proizvodnje u okviru grupe, uz napomenu da bi jednoga dana mogli kreirati model Porschea prilago\u0111en kineskom tr\u017ei\u0161tu.<\/p>\n\n\n\n<p><\/p>","protected":false},"excerpt":{"rendered":"<p>Njema\u010dka automobilska grupa Volkswagen planira ulaganja od 160 milijardi EUR do 2030. godine, saop\u0161tio je izvr\u0161ni direktor Oliver Blume, signaliziraju\u0107i skromniji iznos u uslovima krize na dva klju\u010dna tr\u017ei\u0161ta, Kini i Sjedinjenim Ameri\u010dkim Dr\u017eavama.<\/p>","protected":false},"author":1,"featured_media":675387,"comment_status":"open","ping_status":"open","sticky":false,"template":"","format":"standard","meta":{"_acf_changed":false,"footnotes":"","jetpack_publicize_message":"","jetpack_publicize_feature_enabled":true,"jetpack_social_post_already_shared":false,"jetpack_social_options":{"image_generator_settings":{"template":"highway","default_image_id":0,"font":"","enabled":false},"version":2}},"categories":[14],"tags":[3136,14839],"naslovna":[],"class_list":["post-887959","post","type-post","status-publish","format-standard","has-post-thumbnail","hentry","category-svijet","tag-ulaganja","tag-volkswagen"],"acf":[],"jetpack_publicize_connections":[],"_links":{"self":[{"href":"https:\/\/gradski.me\/en\/wp-json\/wp\/v2\/posts\/887959","targetHints":{"allow":["GET"]}}],"collection":[{"href":"https:\/\/gradski.me\/en\/wp-json\/wp\/v2\/posts"}],"about":[{"href":"https:\/\/gradski.me\/en\/wp-json\/wp\/v2\/types\/post"}],"author":[{"embeddable":true,"href":"https:\/\/gradski.me\/en\/wp-json\/wp\/v2\/users\/1"}],"replies":[{"embeddable":true,"href":"https:\/\/gradski.me\/en\/wp-json\/wp\/v2\/comments?post=887959"}],"version-history":[{"count":0,"href":"https:\/\/gradski.me\/en\/wp-json\/wp\/v2\/posts\/887959\/revisions"}],"wp:featuredmedia":[{"embeddable":true,"href":"https:\/\/gradski.me\/en\/wp-json\/wp\/v2\/media\/675387"}],"wp:attachment":[{"href":"https:\/\/gradski.me\/en\/wp-json\/wp\/v2\/media?parent=887959"}],"wp:term":[{"taxonomy":"category","embeddable":true,"href":"https:\/\/gradski.me\/en\/wp-json\/wp\/v2\/categories?post=887959"},{"taxonomy":"post_tag","embeddable":true,"href":"https:\/\/gradski.me\/en\/wp-json\/wp\/v2\/tags?post=887959"},{"taxonomy":"naslovna","embeddable":true,"href":"https:\/\/gradski.me\/en\/wp-json\/wp\/v2\/naslovna?post=887959"}],"curies":[{"name":"wp","href":"https:\/\/api.w.org\/{rel}","templated":true}]}}