{"id":887432,"date":"2025-12-08T13:50:58","date_gmt":"2025-12-08T12:50:58","guid":{"rendered":"https:\/\/gradski.me\/?p=887432"},"modified":"2025-12-08T13:50:58","modified_gmt":"2025-12-08T12:50:58","slug":"milatovic-za-bankar-obveznica-za-dijasporu-bice-novi-most-izmedju-iseljenika-i-razvoja-crne-gore","status":"publish","type":"post","link":"https:\/\/gradski.me\/en\/politika\/milatovic-za-bankar-obveznica-za-dijasporu-bice-novi-most-izmedju-iseljenika-i-razvoja-crne-gore\/","title":{"rendered":"Milatovi\u0107: \u201eObveznica za dijasporu\u201c bi\u0107e novi most izme\u0111u iseljenika i razvoja Crne Gore"},"content":{"rendered":"<p><\/p>\n\n\n\n<p>Tom prilikom predstavio je inicijativu\u00a0\u201eObveznica za dijasporu\u201c\u00a0\u2013 novi finansijski instrument kojim bi dr\u017eava prvi put institucionalno uklju\u010dila svoje iseljenike u razvojne projekte od javnog zna\u010daja.<\/p>\n\n\n\n<p>U razgovoru za Bankar, Milatovi\u0107 je detaljno objasnio model, na\u010din emisije i o\u010dekivane koristi za dr\u017eavu i dijasporu.<\/p>\n\n\n\n<p>\u201eObveznica za dijasporu\u201c mehanizam koji sam predlo\u017eio Vladi Crne Gore kao jasan, siguran i transparentan model ulaganja na\u0161ih iseljenika u razvoj Crne Gore. Ideja je vrlo jednostavna: prvi put stvaramo institucionalni okvir kroz koji na\u0161a dijaspora mo\u017ee ulagati u konkretne projekte od javnog zna\u010daja, uz garantovan povrat sredstava i potpunu transparentnost\u201d, rekao je Milatovi\u0107.<\/p>\n\n\n\n<p>U osnovi, kako ka\u017ee, ovaj instrument bi funkcionisao kao dr\u017eavna obveznica sa jasno definisanim rokom i prinosom, ali uz posebnu prilago\u0111enost potrebama dijaspore. To zna\u010di jednostavniju proceduru kupovine iz inostranstva, manji minimalni iznos ulaganja, dostupnost preko digitalnih platformi i, \u0161to je najva\u017enije, ta\u010dno odre\u0111enu namjenu sredstava.<\/p>\n\n\n\n<p>\u201cDo sada je dijaspora decenijama ulagala u Crnu Goru isklju\u010divo kroz individualne napore \u2013 bilo kroz donacije, bilo kroz pomo\u0107 lokalnim zajednicama, \u0161kolama, klubovima i humanitarnim udru\u017eenjima. \u201eObveznica za dijasporu\u201c te individualne napore pretvara u sistemski, odr\u017eiv i fer model koji povezuje ljubav prema domovini sa njenim razvojnim potrebama\u201d, navodi Milatovi\u0107.<\/p>\n\n\n\n<p>Prema njegovim rije\u010dima, izdavalac obveznice bi, u skladu sa nadle\u017enostima i najboljom me\u0111unarodnom praksom, bila dr\u017eava Crna Gora, konkretno Ministarstvo finansija. Oni bi detaljno definisali pravni okvir, emisiju, distribuciju i finansijske parametre obveznice.<\/p>\n\n\n\n<p><em>\u201c<\/em>Ono \u0161to je meni va\u017eno jeste da obveznica bude dostupna na\u0161im iseljenicima bez obzira na to gdje \u017eive. Zato je va\u017eno razraditi model distribucije, uklju\u010duju\u0107i preko bankarskog sektora i kroz digitalne platforme, a tako\u0111e uz podr\u0161ku diplomatsko-konzularnih predstavni\u0161tava i u saradnji sa udru\u017eenjima dijaspore, koja ve\u0107 imaju organizovanu bazu i komunikacione kanale\u201d, ka\u017ee Milatovi\u0107 i dodaje da je cilj da instrument bude jednostavan za kori\u0161\u0107enje i da nijedan na\u0161 gra\u0111anin u inostranstvu ne bude isklju\u010den zbog administrativnih barijera.<\/p>\n\n\n\n<p><strong>Povrat ulaganja<\/strong><\/p>\n\n\n\n<p>Prema rije\u010dima predsjednika Crne Gore, finansijski parametri, uklju\u010duju\u0107i kamatnu stopu, bili bi definisani od strane Ministarstva finansija i zavisili od trenutnih tr\u017ei\u0161nih okolnosti.<\/p>\n\n\n\n<p>\u201cVa\u017eno je da jasno naglasim dvije stvari. Prvo: kamatna stopa bi morala biti konkurentna i uskla\u0111ena sa me\u0111unarodnim standardima. i drugo: ulaganja moraju biti predvidiva i garantovana dr\u017eavnim bud\u017eetom, \u0161to na\u0161im iseljenicima daje maksimalnu sigurnost. Ali pored finansijskog povrata, koji je naravno va\u017ean, ovdje postoji i dimenzija koju ne mo\u017eemo zanemariti \u2013 rije\u010d je o ulaganju koje ima emotivnu i dru\u0161tvenu komponentu. Ula\u017eu\u0107i u razvoj Crne Gore, na\u0161a dijaspora ula\u017ee u budu\u0107nost generacija koje dolaze. To je na\u010din da na\u0161e ljude u inostranstvu jo\u0161 sna\u017enije ve\u017eemo za dr\u017eavu iz koje poti\u010du i u koju \u017eelimo da se jednog dana vrate\u201d,\u00a0kazao je Milatovi\u0107.<\/p>\n\n\n\n<p>Na pitanje na koji na\u010din \u0107e se garantovati sigurnost ulo\u017eenog kapitala, predsjednik ka\u017ee da bi obveznica bila garantovana dr\u017eavnim bud\u017eetom Crne Gore \u0161to je najvi\u0161i nivo garancije koji dr\u017eava mo\u017ee pru\u017eiti i \u010dini ovaj instrument jednako sigurnim kao i svaki drugi oblik dr\u017eavnog zadu\u017eenja.<\/p>\n\n\n\n<p>\u201cPored toga, predlazemo uspostavljanje jasnog pravnog i institucionalnog okvira koji podrazumijeva:stroge mehanizme nadzora i potpunu transparentnost svakog projekta koji se finansira, \u017delimo da dijaspora ima potpuno povjerenje \u2013 da zna gdje ide svaki euro i kakav u\u010dinak ima njihova investicija\u201d,\u00a0naveo je Milatovi\u0107.<\/p>\n\n\n\n<p>On je kazao da bi sredstva prikupljena emisijom obveznica bila manjenski usmjerena, te da je upravo je namjenska upotreba klju\u010dna razlika ovog instrumenta u odnosu na klasi\u010dno zadu\u017eivanje. Sredstva bi se ulagala isklju\u010divo u konkretne projekte od lokalnog i dr\u017eavnog zna\u010daja kao \u0161to su izgradnja i obnova vrti\u0107a, modernizacija osnovnih i srednjih \u0161kola, rekonstrukcija i digitalizacija zdravstvenih ustanova, lokalna infrastruktura \u2013 putevi, vodovod, kanalizacija, komunalna infrastruktura i javne povr\u0161ine, projekti za\u0161tite \u017eivotne sredine, projekti odr\u017eivog razvoja posebno na sjeveru zemlje.<\/p>\n\n\n\n<p>\u201cDijaspora \u0107e znati ta\u010dno u \u0161ta je ulo\u017eila, u kojoj op\u0161tini, u kojem projektu, sa kojim rezultatima. To je su\u0161tina povjerenja , a povjerenje je temelj ove inicijative\u201d,\u00a0zaklju\u010duje Milatovi\u0107.<\/p>\n\n\n\n<p><strong>Konkretne mjere<\/strong><\/p>\n\n\n\n<p>Konkretan plan u vezi sa ovom obveznicom ve\u0107 postoji. Tokom nedavne posjete Sjedinjenim Ameri\u010dkim Dr\u017eavama predsjednik je detaljno predstavio inicijativu nasoj dijaspori. Reakcije su, navodi, bile izuzetno pozitivne \u2013 ne samo zbog mogu\u0107nosti ulaganja, ve\u0107 zato \u0161to su na\u0161i ljudi prepoznali da je obveznica za dijasporu instrument koji ih vidi kao partnera.<\/p>\n\n\n\n<p>\u0160to se ti\u010de konkretnih koraka, oni su ve\u0107 predlo\u017eeni Vladi: Uspostavljanje pravnog i institucionalnog okvira za emisiju obveznice; Definisanje liste prioritetnih projekata u saradnji sa lokalnim samoupravama; Formiranje transparentnog sistema izvje\u0161tavanja o utro\u0161ku sredstava; Informativna i promotivna kampanja preko DKP mre\u017ee, udru\u017eenja dijaspore i digitalnih kanala;Pilot-program za nekoliko op\u0161tina, kao prvi testni korak.<\/p>\n\n\n\n<p>\u201cKabinet predsjednika je vi\u0161e nego spreman da aktivno u\u010destvuje u svim fazama realizacije. Na kraju, \u017eelim naglasiti da potencijali na\u0161e dijaspore nijesu ni blizu iskori\u0161\u0107eni. Ovo je prilika da Crna Gora po\u0161alje jasnu poruku da cijeni svoje iseljenike, njihov trud, znanje i uspjeh \u2013 i da oni mogu biti klju\u010dni partneri u razvoju zemlje\u201d, zaklju\u010dio je Milatovi\u0107.<\/p>","protected":false},"excerpt":{"rendered":"<p>Predsjednik Crne Gore\u00a0Jakov Milatovi\u0107\u00a0sastao se u nedavno Njujorku sa predstavnicima crnogorske dijaspore u Sjedinjenim Ameri\u010dkim Dr\u017eavama \u2013 uspje\u0161nim privrednicima, ljekarima, advokatima, profesorima i predstavnicima udru\u017eenja koja njeguju i promovi\u0161u na\u0161u kulturu.<\/p>","protected":false},"author":1,"featured_media":732800,"comment_status":"open","ping_status":"open","sticky":false,"template":"","format":"standard","meta":{"_acf_changed":false,"footnotes":"","jetpack_publicize_message":"","jetpack_publicize_feature_enabled":true,"jetpack_social_post_already_shared":false,"jetpack_social_options":{"image_generator_settings":{"template":"highway","default_image_id":0,"font":"","enabled":false},"version":2}},"categories":[7],"tags":[188,153,1781,251],"naslovna":[],"class_list":["post-887432","post","type-post","status-publish","format-standard","has-post-thumbnail","hentry","category-politika","tag-crna-gora","tag-jakov-milatovic-2","tag-njujork","tag-vlada-cg"],"acf":[],"jetpack_publicize_connections":[],"_links":{"self":[{"href":"https:\/\/gradski.me\/en\/wp-json\/wp\/v2\/posts\/887432","targetHints":{"allow":["GET"]}}],"collection":[{"href":"https:\/\/gradski.me\/en\/wp-json\/wp\/v2\/posts"}],"about":[{"href":"https:\/\/gradski.me\/en\/wp-json\/wp\/v2\/types\/post"}],"author":[{"embeddable":true,"href":"https:\/\/gradski.me\/en\/wp-json\/wp\/v2\/users\/1"}],"replies":[{"embeddable":true,"href":"https:\/\/gradski.me\/en\/wp-json\/wp\/v2\/comments?post=887432"}],"version-history":[{"count":0,"href":"https:\/\/gradski.me\/en\/wp-json\/wp\/v2\/posts\/887432\/revisions"}],"wp:featuredmedia":[{"embeddable":true,"href":"https:\/\/gradski.me\/en\/wp-json\/wp\/v2\/media\/732800"}],"wp:attachment":[{"href":"https:\/\/gradski.me\/en\/wp-json\/wp\/v2\/media?parent=887432"}],"wp:term":[{"taxonomy":"category","embeddable":true,"href":"https:\/\/gradski.me\/en\/wp-json\/wp\/v2\/categories?post=887432"},{"taxonomy":"post_tag","embeddable":true,"href":"https:\/\/gradski.me\/en\/wp-json\/wp\/v2\/tags?post=887432"},{"taxonomy":"naslovna","embeddable":true,"href":"https:\/\/gradski.me\/en\/wp-json\/wp\/v2\/naslovna?post=887432"}],"curies":[{"name":"wp","href":"https:\/\/api.w.org\/{rel}","templated":true}]}}