{"id":887276,"date":"2025-12-08T10:13:17","date_gmt":"2025-12-08T09:13:17","guid":{"rendered":"https:\/\/gradski.me\/?p=887276"},"modified":"2025-12-08T10:13:17","modified_gmt":"2025-12-08T09:13:17","slug":"referat-kako-je-moguce-da-cijeli-gradovi-rastu-izvan-zakona","status":"publish","type":"post","link":"https:\/\/gradski.me\/en\/drustvo\/referat-kako-je-moguce-da-cijeli-gradovi-rastu-izvan-zakona\/","title":{"rendered":"Referat: Kako je mogu\u0107e da cijeli gradovi rastu izvan zakona?"},"content":{"rendered":"<p><\/p>\n\n\n\n<p><\/p>\n\n\n\n<p>Kako izgleda \u017eivot porodica koje \u017eive u ku\u0107ama bez dozvole i bez ikakve garancije da njihov dom ne\u0107e sjutra biti sru\u0161en?&nbsp;<\/p>\n\n\n\n<p>\u0160ta dr\u017eava namjerava da uradi i koji su rokovi za legalizaciju?<\/p>\n\n\n\n<p>Sa Nikolom Ra\u017enatovi\u0107em iz Direktorata za legalizaciju bespravnih objekata, direktoricom Centra za legalizaciju nepokretnosti \u017deljka Krivokapi\u0107-Mili\u0107evi\u0107 i predstavnikom mje\u0161tana Malog brda Gordanom Grdini\u0107em, otkrivamo pri\u010du koja istovremeno doti\u010de \u017eivote ljudi, bud\u017eet dr\u017eave i obraz na\u0161eg urbanizma.&nbsp;<\/p>\n\n\n\n<p>Referat, ponedjeljak od 20 h. Urednik i voditelj Milan Sekulovi\u0107.<\/p>","protected":false},"excerpt":{"rendered":"<p>U novom izdanju Referata pokre\u0107emo temu koja se godinama gura pod tepih \u2014 legalizacija bespravnih objekata. U dr\u017eavi u kojoj se procjenjuje da postoji 100.000 nelegalnih objekata, a da je zbog toga bud\u017eet o\u0161te\u0107en za vi\u0161e od milijardu eura javnog novca, pitamo:\u00a0kako je mogu\u0107e da cijeli gradovi rastu izvan zakona?<\/p>","protected":false},"author":1,"featured_media":611570,"comment_status":"open","ping_status":"open","sticky":false,"template":"","format":"standard","meta":{"_acf_changed":false,"footnotes":"","jetpack_publicize_message":"","jetpack_publicize_feature_enabled":true,"jetpack_social_post_already_shared":false,"jetpack_social_options":{"image_generator_settings":{"template":"highway","default_image_id":0,"font":"","enabled":false},"version":2}},"categories":[9],"tags":[4510,14764],"naslovna":[],"class_list":["post-887276","post","type-post","status-publish","format-standard","has-post-thumbnail","hentry","category-drustvo","tag-emisija","tag-sekulovic"],"acf":[],"jetpack_publicize_connections":[],"_links":{"self":[{"href":"https:\/\/gradski.me\/en\/wp-json\/wp\/v2\/posts\/887276","targetHints":{"allow":["GET"]}}],"collection":[{"href":"https:\/\/gradski.me\/en\/wp-json\/wp\/v2\/posts"}],"about":[{"href":"https:\/\/gradski.me\/en\/wp-json\/wp\/v2\/types\/post"}],"author":[{"embeddable":true,"href":"https:\/\/gradski.me\/en\/wp-json\/wp\/v2\/users\/1"}],"replies":[{"embeddable":true,"href":"https:\/\/gradski.me\/en\/wp-json\/wp\/v2\/comments?post=887276"}],"version-history":[{"count":0,"href":"https:\/\/gradski.me\/en\/wp-json\/wp\/v2\/posts\/887276\/revisions"}],"wp:featuredmedia":[{"embeddable":true,"href":"https:\/\/gradski.me\/en\/wp-json\/wp\/v2\/media\/611570"}],"wp:attachment":[{"href":"https:\/\/gradski.me\/en\/wp-json\/wp\/v2\/media?parent=887276"}],"wp:term":[{"taxonomy":"category","embeddable":true,"href":"https:\/\/gradski.me\/en\/wp-json\/wp\/v2\/categories?post=887276"},{"taxonomy":"post_tag","embeddable":true,"href":"https:\/\/gradski.me\/en\/wp-json\/wp\/v2\/tags?post=887276"},{"taxonomy":"naslovna","embeddable":true,"href":"https:\/\/gradski.me\/en\/wp-json\/wp\/v2\/naslovna?post=887276"}],"curies":[{"name":"wp","href":"https:\/\/api.w.org\/{rel}","templated":true}]}}