{"id":886559,"date":"2025-12-06T21:24:00","date_gmt":"2025-12-06T20:24:00","guid":{"rendered":"https:\/\/gradski.me\/?p=886559"},"modified":"2025-12-06T21:24:00","modified_gmt":"2025-12-06T20:24:00","slug":"milatovic-cestitao-rukometasicama-idemo-do-kraja-po-medalju","status":"publish","type":"post","link":"https:\/\/gradski.me\/en\/sport\/milatovic-cestitao-rukometasicama-idemo-do-kraja-po-medalju\/","title":{"rendered":"Milatovi\u0107 \u010destitao rukometa\u0161icama: Idemo do kraja po medalju"},"content":{"rendered":"<p>Kako je kazao, Lavice nas jo\u0161 jednom podsje\u0107aju da rad, red i rije\u0161enost donose rezultate, koji slu\u017ee na ponos \u010ditavoj Crnoj Gori.<\/p>\n\n\n\n<p>\u201cIdemo do kraja po medalju\u201d, zaklju\u010dio je.<\/p>\n\n\n\n<figure class=\"wp-block-embed is-type-rich is-provider-twitter wp-block-embed-twitter\"><div class=\"wp-block-embed__wrapper\">\n<blockquote class=\"twitter-tweet\" data-width=\"550\" data-dnt=\"true\"><p lang=\"und\" dir=\"ltr\">\u010cestitam na\u0161im rukometa\u0161icama na zaslu\u017eenom plasmanu u \u010detvrtfinale Svjetskog prvenstva.<br><br>Lavice nas jo\u0161 jednom podsje\u0107aju da rad, red i rije\u0161enost donose rezultate, koji slu\u017ee na ponos \u010ditavoj Crnoj Gori.<br><br>Idemo do kraja po medalju!<a href=\"https:\/\/twitter.com\/rukometnisavez?ref_src=twsrc%5Etfw\" target=\"_blank\" rel=\"noopener\">@rukometnisavez<\/a> <a href=\"https:\/\/t.co\/jTj1AuGZX4\">pic.twitter.com\/jTj1AuGZX4<\/a><\/p>\u2014 Jakov Milatovic \ud83c\uddf2\ud83c\uddea\ud83c\uddea\ud83c\uddfa (@JakovMilatovic) <a href=\"https:\/\/twitter.com\/JakovMilatovic\/status\/1997380104985448702?ref_src=twsrc%5Etfw\" target=\"_blank\" rel=\"noopener\">December 6, 2025<\/a><\/blockquote><script async src=\"https:\/\/platform.twitter.com\/widgets.js\" charset=\"utf-8\"><\/script>\n<\/div><\/figure>","protected":false},"excerpt":{"rendered":"<p>Predsjednik Crne Gore Jakov Milatovi\u0107 \u010destitao je na dru\u0161tvenoj mre\u017ei X rukometa\u0161icama na, kako je kazao, zaslu\u017eenom plasmanu u \u010detvrtfinale Svjetskog prvenstva.<\/p>","protected":false},"author":1,"featured_media":780529,"comment_status":"open","ping_status":"open","sticky":false,"template":"","format":"standard","meta":{"_acf_changed":false,"footnotes":"","jetpack_publicize_message":"","jetpack_publicize_feature_enabled":true,"jetpack_social_post_already_shared":false,"jetpack_social_options":{"image_generator_settings":{"template":"highway","default_image_id":0,"font":"","enabled":false},"version":2}},"categories":[15],"tags":[786,78],"naslovna":[],"class_list":["post-886559","post","type-post","status-publish","format-standard","has-post-thumbnail","hentry","category-sport","tag-cestitka","tag-jakov-milatovic"],"acf":[],"jetpack_publicize_connections":[],"_links":{"self":[{"href":"https:\/\/gradski.me\/en\/wp-json\/wp\/v2\/posts\/886559","targetHints":{"allow":["GET"]}}],"collection":[{"href":"https:\/\/gradski.me\/en\/wp-json\/wp\/v2\/posts"}],"about":[{"href":"https:\/\/gradski.me\/en\/wp-json\/wp\/v2\/types\/post"}],"author":[{"embeddable":true,"href":"https:\/\/gradski.me\/en\/wp-json\/wp\/v2\/users\/1"}],"replies":[{"embeddable":true,"href":"https:\/\/gradski.me\/en\/wp-json\/wp\/v2\/comments?post=886559"}],"version-history":[{"count":0,"href":"https:\/\/gradski.me\/en\/wp-json\/wp\/v2\/posts\/886559\/revisions"}],"wp:featuredmedia":[{"embeddable":true,"href":"https:\/\/gradski.me\/en\/wp-json\/wp\/v2\/media\/780529"}],"wp:attachment":[{"href":"https:\/\/gradski.me\/en\/wp-json\/wp\/v2\/media?parent=886559"}],"wp:term":[{"taxonomy":"category","embeddable":true,"href":"https:\/\/gradski.me\/en\/wp-json\/wp\/v2\/categories?post=886559"},{"taxonomy":"post_tag","embeddable":true,"href":"https:\/\/gradski.me\/en\/wp-json\/wp\/v2\/tags?post=886559"},{"taxonomy":"naslovna","embeddable":true,"href":"https:\/\/gradski.me\/en\/wp-json\/wp\/v2\/naslovna?post=886559"}],"curies":[{"name":"wp","href":"https:\/\/api.w.org\/{rel}","templated":true}]}}