{"id":885854,"date":"2025-12-05T21:57:00","date_gmt":"2025-12-05T20:57:00","guid":{"rendered":"https:\/\/gradski.me\/?p=885854"},"modified":"2025-12-05T21:57:00","modified_gmt":"2025-12-05T20:57:00","slug":"optuzbe-i-privodjenja-zbog-ulaska-belivuka-i-miljkovica-u-crnu-goru-prije-pet-godina","status":"publish","type":"post","link":"https:\/\/gradski.me\/en\/hronika\/optuzbe-i-privodjenja-zbog-ulaska-belivuka-i-miljkovica-u-crnu-goru-prije-pet-godina\/","title":{"rendered":"Optu\u017ebe i privo\u0111enja zbog ulaska Belivuka i Miljkovi\u0107a u Crnu Goru prije pet godina"},"content":{"rendered":"<p><\/p>\n\n\n\n<p>Belivuk i Miljkovi\u0107 su od 2018. imali zabranu ulaska u Crnu Goru jer su tretirani kao prijetnja po nacionalnu bezbjednost.Krajem 2020. ta zabrana je ukinuta, nakon \u010dega su 17. januara 2021. u\u0161li u Crnu Goru preko aerodroma Tivat.<\/p>\n\n\n\n<p>Tokom boravka prisustvovali su porodi\u010dnom slavlju Radoja Zvicera koji va\u017ei za vo\u0111u Kava\u010dkog kriminalnog klana, a protiv koga je podignuto vi\u0161e optu\u017enica. Nalazi se u bjekstvu.<\/p>\n\n\n\n<p>U Crnoj Gori su boravili do 29. januara 2021. kada ih je policija privela i deportovala u Srbiju gdje su uhap\u0161eni 4. februara.<\/p>\n\n\n\n<p>Nekoliko mjeseci kasnije optu\u017eeni su za najte\u017ea krivi\u010dna djela po\u010dinjena u Srbiji, uklju\u010duju\u0107i ubistva, otmice, dilovanje droge i nedozvoljeno no\u0161enje oru\u017eja.<\/p>\n\n\n\n<p>Ko im je ukinuo zabranu ulaska do danas nije utvr\u0111eno.<\/p>\n\n\n\n<p>Specijalno tu\u017eila\u0161tvo ukidanje zabrane smatra nezakonitim zbog \u010dega je procesuirano vi\u0161e policijskih slu\u017ebenika.<\/p>\n\n\n\n<p><strong>Ko se tereti za davanje \u2018propusnice\u2019 Belivuku i Miljkovi\u0107u<\/strong><\/p>\n\n\n\n<p><strong>Zoran Lazovic<\/strong>, nekada\u0161nji pomo\u0107nik direktora Uprave policije, optu\u017een je oktobra pro\u0161le godine za formiranje kriminale organizacije \u010diji su \u010dlanovi navodno bili njegov sin Petar, biv\u0161i slu\u017ebenik Agencije za nacionalnu bezbjednost, i dvojica biv\u0161ih specijalnih tu\u017eilaca<strong>&nbsp;Milivoje Katni\u0107&nbsp;<\/strong>i<strong>&nbsp;Sa\u0161a \u010ca\u0111enovi\u0107.<\/strong><\/p>\n\n\n\n<p>U okviru optu\u017enice se navodi da je Lazovi\u0107, na zahtjev Radoja Zvicera, nalo\u017eio policiji da Belivuka i Miljkovi\u0107a skinu sa spiska onih kojima je zabranjen ulaz u Crnu Goru.<\/p>\n\n\n\n<p>Kao posrednik izme\u0111u Zvicera i Zorana Lazovi\u0107a, u spisima istrage se pominje i njegov sin Petar za koga se navodi da je bio dio Kava\u010dkog klana.<\/p>\n\n\n\n<p>Lazovi\u0107 je na glavnom pretresu negirao da je tra\u017eio ukidanje zabrane ulaska u Crnu Goru za pripadnike kriminalne grupe iz Srbije, kako je rekao \u2013 ni usmeno ni pisano.<\/p>\n\n\n\n<p>Biv\u0161eg Glavnog Specijalnog tu\u017eioca Milivoja Katni\u0107a, tu\u017eila\u0161tvo tereti da je obmanjivao javnost izjavama da su Belivuk i Miljkovi\u0107 u\u0161li u Crnu Goru na zahtjev bezbjednosnih slu\u017ebi Srbije.<\/p>\n\n\n\n<p>Katni\u0107 tvrdi da je optu\u017eeni Petar Lazovi\u0107 bio\u201dprikriveni policijski slu\u017ebenik na tajnom zadatku\u201d, te da nije bio pripadnik Zvicerovog klana.<\/p>\n\n\n\n<p>Jo\u0161 jedan doga\u0111aj povezuje Katni\u0107a sa Belivukom i Miljkovi\u0107em.<\/p>\n\n\n\n<p>Naime, on ih je 2021. nakon \u0161to su pritvoreni saslu\u0161ao u Beogradu u vezi sa tri ubistva po\u010dinjena u okolini Podgorice u oktobru 2020, u vrijeme dok im je bio zabranjen ulazak u Crnu Goru.<\/p>\n\n\n\n<p>Oni su negirali ta ubistva tvrde\u0107i da u tom periodu nisu bili u Crnoj Gori.<\/p>\n\n\n\n<p>Katni\u0107 i Lazovi\u0107 su u pritvoru od aprila pro\u0161le godine.<\/p>\n\n\n\n<p><strong>Skoro pet godina kasnije \u2013 nova hap\u0161enja<\/strong><\/p>\n\n\n\n<p><strong>Dejan Knezevic<\/strong>, biv\u0161i pomo\u0107nik direktora policije za organizovani kriminal uhap\u0161en je 29. novembra ove godine zbog sumnje da je falsifikovao slu\u017ebena dokumenta u slu\u010daju ukidanja zabrane ulaska u Crnu Goru Belivuku i Miljkovi\u0107u.<\/p>\n\n\n\n<p>Negirao je navode tu\u017eila\u0161tva tvrde\u0107i da funkcija koju je tada obavljao nije bila vezana za odluke o zabranama ulaska u dr\u017eavu. Kne\u017eevi\u0107u je odre\u0111en ku\u0107ni pritvor.<\/p>\n\n\n\n<p>Istovremeno je uhap\u0161en i Milorad \u017di\u017ei\u0107, biv\u0161i policijski funkcioner zbog sumnje da je pripadao kriminalnom klanu Zorana Lazovi\u0107a.<\/p>\n\n\n\n<p>I \u017di\u017ei\u0107 je negirao optu\u017ebe.<\/p>\n\n\n\n<p>U istoj akciji, zbog sumnje da je u\u010destvovao u uklanjanju zabrane ulaska u Crnu Goru, Belivuku i Miljkovi\u0107u, uhap\u0161en je i<strong>&nbsp;Aleksandar Boskovic<\/strong>, nekada\u0161nji \u0161ef Odsjeka za op\u0161ti kriminal. Tako\u0111e mu je odre\u0111en ku\u0107ni pritvor.<\/p>\n\n\n\n<p>Tokom saslu\u0161anja Bo\u0161kovi\u0107 je potvrdio da je, u komunikaciji sa tada\u0161njim pomo\u0107nikom direktora policije Enisom Bakovi\u0107em, bio upoznat sa skidanjem zabrane, ali da se o razlozima nije interesovao.<\/p>\n\n\n\n<p>On je i 2021. bio uhap\u0161en po nalogu Osnovnog tu\u017eila\u0161tva zbog zloupotrebe slu\u017ebenog polo\u017eaja po\u010dinjene ukidanjem zabrane ulaska u Crnu Goru srpskim dr\u017eavljanima.<\/p>\n\n\n\n<p>Tada je Specijalno tu\u017eila\u0161tvo saop\u0161tilo da \u201cnema osnovane sumnje da je Bo\u0161kovi\u0107 izvr\u0161io to krivi\u010dno djelo\u201d.<\/p>\n\n\n\n<p>U ovom slu\u010daju je vi\u0161e puta pominjan i<strong>&nbsp;Enis Bakovi\u0107,<\/strong>&nbsp;biv\u0161i pomo\u0107nik direktora policije koji je vi\u0161e puta saslu\u0161avan u svojstvu svjedoka.<\/p>\n\n\n\n<p>Njega je, 2021. tada\u0161nji potpredsjednik Vlade&nbsp;<strong>Dritan Abazovi\u0107,<\/strong>&nbsp;optu\u017eio za skidanje zabrane ulaska u Crnu Goru Belivuku i Miljkovi\u0107u navode\u0107i da je to u\u010dinio \u201cusmenim putem i protivzakonito\u201d.<\/p>\n\n\n\n<p>Policija je vi\u0161e puta pretresala i Bakovi\u0107ev stan.<\/p>\n\n\n\n<p>I dok tu\u017eila\u0161tvo skoro pet godina istra\u017euje ovaj slu\u010daj u Godi\u0161njem izvje\u0161taju Evropske komisije o pro\u0161irenju od 4. novembra, u koji je Radio Slobodna Evropa imao uvid, se navodi da Crna Gora treba da pobolj\u0161a rezultate istraga i krivi\u010dnih gonjenja u slu\u010dajevima visoke korupcije i organizovanog kriminala.<\/p>","protected":false},"excerpt":{"rendered":"<p>Boravak vo\u0111a kriminalnih klanova iz Srbije\u00a0Veljka Belivuka\u00a0i\u00a0Marka Miljkovi\u0107a\u00a0u Crnoj Gori od prije pet godina doveo je do novih hap\u0161enja policijskih slu\u017ebenika novembra ove godine, pi\u0161e Radio Slobodna Evropa RSE.<\/p>","protected":false},"author":1,"featured_media":492434,"comment_status":"open","ping_status":"open","sticky":false,"template":"","format":"standard","meta":{"_acf_changed":false,"footnotes":"","jetpack_publicize_message":"","jetpack_publicize_feature_enabled":true,"jetpack_social_post_already_shared":false,"jetpack_social_options":{"image_generator_settings":{"template":"highway","default_image_id":0,"font":"","enabled":false},"version":2}},"categories":[10],"tags":[4863,4865,9116],"naslovna":[],"class_list":["post-885854","post","type-post","status-publish","format-standard","has-post-thumbnail","hentry","category-hronika","tag-marko-miljkovic","tag-veljko-belivuk","tag-zoran-lazovic-2"],"acf":[],"jetpack_publicize_connections":[],"_links":{"self":[{"href":"https:\/\/gradski.me\/en\/wp-json\/wp\/v2\/posts\/885854","targetHints":{"allow":["GET"]}}],"collection":[{"href":"https:\/\/gradski.me\/en\/wp-json\/wp\/v2\/posts"}],"about":[{"href":"https:\/\/gradski.me\/en\/wp-json\/wp\/v2\/types\/post"}],"author":[{"embeddable":true,"href":"https:\/\/gradski.me\/en\/wp-json\/wp\/v2\/users\/1"}],"replies":[{"embeddable":true,"href":"https:\/\/gradski.me\/en\/wp-json\/wp\/v2\/comments?post=885854"}],"version-history":[{"count":0,"href":"https:\/\/gradski.me\/en\/wp-json\/wp\/v2\/posts\/885854\/revisions"}],"wp:featuredmedia":[{"embeddable":true,"href":"https:\/\/gradski.me\/en\/wp-json\/wp\/v2\/media\/492434"}],"wp:attachment":[{"href":"https:\/\/gradski.me\/en\/wp-json\/wp\/v2\/media?parent=885854"}],"wp:term":[{"taxonomy":"category","embeddable":true,"href":"https:\/\/gradski.me\/en\/wp-json\/wp\/v2\/categories?post=885854"},{"taxonomy":"post_tag","embeddable":true,"href":"https:\/\/gradski.me\/en\/wp-json\/wp\/v2\/tags?post=885854"},{"taxonomy":"naslovna","embeddable":true,"href":"https:\/\/gradski.me\/en\/wp-json\/wp\/v2\/naslovna?post=885854"}],"curies":[{"name":"wp","href":"https:\/\/api.w.org\/{rel}","templated":true}]}}