{"id":885556,"date":"2025-12-05T15:24:00","date_gmt":"2025-12-05T14:24:00","guid":{"rendered":"https:\/\/gradski.me\/?p=885556"},"modified":"2025-12-05T15:24:00","modified_gmt":"2025-12-05T14:24:00","slug":"ubovicu-i-ivanovicu-ukinut-pritvor","status":"publish","type":"post","link":"https:\/\/gradski.me\/en\/hronika\/ubovicu-i-ivanovicu-ukinut-pritvor\/","title":{"rendered":"Ubovi\u0107u i Ivanovi\u0107u ukinut pritvor"},"content":{"rendered":"<p><\/p>\n\n\n\n<p>Pored Ubovi\u0107a i Ivanovi\u0107a, istragom specijalng tu\u017eila\u0161tva obuhva\u0107eni su i Veselin Kova\u010devi\u0107, Aleksandar Mijajlovi\u0107 i Zoran Lazovi\u0107 kao i dvije gra\u0111evinske kompanije \u201eBemax\u201c i \u201eMaster in\u017eenjering\u201c, koje tu\u017eila\u0161tvo sumnji\u010di da su kori\u0161\u0107ene za prikrivanje porijekla nezakonito ste\u010denog novca.<\/p>\n\n\n\n<p>Iz SDT-a su naveli da postoji osnovana sumnja da je okrivljeni Ubovi\u0107 izvr\u0161io dva krivi\u010dna djela pranje novca, dok se ostali okrivljeni terete za jedno krivi\u010dno djelo pranja novca.<\/p>\n\n\n\n<p>Istra\u017eitelji tvrde da su prikupili dokaze prema kojim su u\u010destvovali u pranju novca kroz kupovinu i opremanje luksuznih stanova u budvanskoj zgradi \u201ePerla\u201c i podgori\u010dkom naselju ,,Master kvart\u201c, koji su formalno vo\u0111eni na \u201eBemax\u201c, dok su stvarni korisnici bili pripadnici kriminalne grupe.<\/p>\n\n\n\n<p>Advokat Zoran Piperovi\u0107 je ranije u izjavi medijima ocijenio da SDT poku\u0161ava da legalne poslovne aktivnosti predstavi kao kriminalne, iako, kako navodi, postoji uredna dokumentacija o izgradnji i prodaji stanova.<\/p>\n\n\n\n<p>Odbrana svih osumnji\u010denih negira optu\u017ebe i tvrdi da SDT mijenja teze, te da se iza istrage krije poku\u0161aj da se reputacija uspje\u0161nih firmi i pojedinaca pove\u017ee sa kriminalnim grupama.<\/p>\n\n\n\n<p>Iz kompanija \u201eBemax\u201c i \u201eMaster in\u017eenjering\u201c kratko su poru\u010dili da \u0107e \u201esve sumnje biti otklonjene u zakonskom postupku\u201c.<\/p>","protected":false},"excerpt":{"rendered":"<p>Biznismenima Ranku Ubovi\u0107u i Vladimiru Ivanovi\u0107u je ukinut pritvor u predmetu koje se protiv njih vodi zbog sumnje da su u\u010destvovali u pranja novca za ljude iz kriminalnog miljea, potvrdio je za Pobjedu advokat Zoran Piperovi\u0107.<\/p>","protected":false},"author":1,"featured_media":859713,"comment_status":"open","ping_status":"open","sticky":false,"template":"","format":"standard","meta":{"_acf_changed":false,"footnotes":"","jetpack_publicize_message":"","jetpack_publicize_feature_enabled":true,"jetpack_social_post_already_shared":false,"jetpack_social_options":{"image_generator_settings":{"template":"highway","default_image_id":0,"font":"","enabled":false},"version":2}},"categories":[10],"tags":[8092,9115,183,13304,4236,13095,9116],"naslovna":[],"class_list":["post-885556","post","type-post","status-publish","format-standard","has-post-thumbnail","hentry","category-hronika","tag-aleksandar-mijajlovic","tag-ranko-ubovic","tag-sdt","tag-veselin-kovacevic","tag-visi-sud-2","tag-vladimir-ivanovic","tag-zoran-lazovic-2"],"acf":[],"jetpack_publicize_connections":[],"_links":{"self":[{"href":"https:\/\/gradski.me\/en\/wp-json\/wp\/v2\/posts\/885556","targetHints":{"allow":["GET"]}}],"collection":[{"href":"https:\/\/gradski.me\/en\/wp-json\/wp\/v2\/posts"}],"about":[{"href":"https:\/\/gradski.me\/en\/wp-json\/wp\/v2\/types\/post"}],"author":[{"embeddable":true,"href":"https:\/\/gradski.me\/en\/wp-json\/wp\/v2\/users\/1"}],"replies":[{"embeddable":true,"href":"https:\/\/gradski.me\/en\/wp-json\/wp\/v2\/comments?post=885556"}],"version-history":[{"count":0,"href":"https:\/\/gradski.me\/en\/wp-json\/wp\/v2\/posts\/885556\/revisions"}],"wp:featuredmedia":[{"embeddable":true,"href":"https:\/\/gradski.me\/en\/wp-json\/wp\/v2\/media\/859713"}],"wp:attachment":[{"href":"https:\/\/gradski.me\/en\/wp-json\/wp\/v2\/media?parent=885556"}],"wp:term":[{"taxonomy":"category","embeddable":true,"href":"https:\/\/gradski.me\/en\/wp-json\/wp\/v2\/categories?post=885556"},{"taxonomy":"post_tag","embeddable":true,"href":"https:\/\/gradski.me\/en\/wp-json\/wp\/v2\/tags?post=885556"},{"taxonomy":"naslovna","embeddable":true,"href":"https:\/\/gradski.me\/en\/wp-json\/wp\/v2\/naslovna?post=885556"}],"curies":[{"name":"wp","href":"https:\/\/api.w.org\/{rel}","templated":true}]}}