{"id":885397,"date":"2025-12-05T12:40:00","date_gmt":"2025-12-05T11:40:00","guid":{"rendered":"https:\/\/gradski.me\/?p=885397"},"modified":"2025-12-05T12:40:00","modified_gmt":"2025-12-05T11:40:00","slug":"od-8-do-14-decembra-kampanja-pojas-za-spas","status":"publish","type":"post","link":"https:\/\/gradski.me\/en\/drustvo\/od-8-do-14-decembra-kampanja-pojas-za-spas\/","title":{"rendered":"Od 8. do 14. decembra kampanja \u201ePojas za spas\u201c"},"content":{"rendered":"<p><\/p>\n\n\n\n<p>Ova kampanja koja se realizuje ve\u0107 dugi niz godina ima za cilj podizanje svijesti gra\u0111ana o zna\u010daju po\u0161tovanja zakonske obaveze kori\u0161\u0107enja sigurnosnog pojasa na svim sjedi\u0161tima u vozilima na kojima su pojasevi fabri\u010dki ugra\u0111eni, kao i obaveze kori\u0161\u0107enja bezbjednosnih sjedi\u0161ta za djecu, \u010dija \u0107e kontrola upotrebe biti prioritet u radu slu\u017ebenika saobra\u0107ajne policije tokom trajanja kampanje.<\/p>\n\n\n\n<p>U okviru kampanje \u201ePojas za spas\u201c bi\u0107e realizovane preventivno-edukativne, ali i represivne aktivnosti, uklju\u010duju\u0107i poja\u010dane saobra\u0107ajne kontrole na teritoriji cijele dr\u017eave, ali i podjelu 10.000 flajera edukativno-informativnog karaktera.<\/p>\n\n\n\n<p>Isti\u010demo da zakonske odredbe preciziraju da svi voza\u010di i putnici u vozilu koje ima fabri\u010dki ugra\u0111ene sigurnosne pojaseve \u2013 ili ima mogu\u0107nost njihove ugradnje \u2013 moraju koristiti pojaseve. Tako\u0111e, propisano je da se djeca do pet godina starosti moraju prevoziti u posebno dizajniranom bezbjednosnom sjedi\u0161tu, odnosno u korpi \u010dvrsto pri\u010dvr\u0161\u0107enoj sigurnosnim pojasom ili kop\u010dama unutar vozila, osim ako je rije\u010d o javnom prevozu putnika.<\/p>\n\n\n\n<p>Napominjemo i da je od po\u010detka godine preko 42.400 voza\u010da i putnika u vozilu sankcionisano zbog nepo\u0161tovanja zakonske obaveze kori\u0161\u0107enja sigurnosnog pojasa, \u0161to nedvosmisleno ukazuje na neophodnost kontinuiranog podizanja svijesti gra\u0111ana o zna\u010daju upotrebe sigurnosnog pojasa, naro\u010dito imaju\u0107i u vidu \u010dinjenicu da se od po\u010detka godine dogodilo preko 10 saobra\u0107ajnih nezgoda u kojima su smrtno stradala lica koja nisu koristila sigurnosni pojas.<\/p>","protected":false},"excerpt":{"rendered":"<p>Shodno planiranim aktivnostima Uprave policije, Sektora policije op\u0161te nadle\u017enosti, a u saradnji sa Nacionalnim biroom osigurava\u010da Crne Gore, u periodu od 8. do 14. decembra bi\u0107e sprovedena preventivno edukativna kampanja pod nazivom \u201ePojas za spas\u201c.<\/p>","protected":false},"author":1,"featured_media":885407,"comment_status":"open","ping_status":"open","sticky":false,"template":"","format":"standard","meta":{"_acf_changed":false,"footnotes":"","jetpack_publicize_message":"","jetpack_publicize_feature_enabled":true,"jetpack_social_post_already_shared":false,"jetpack_social_options":{"image_generator_settings":{"template":"highway","default_image_id":0,"font":"","enabled":false},"version":2}},"categories":[9],"tags":[14549,1118],"naslovna":[],"class_list":["post-885397","post","type-post","status-publish","format-standard","has-post-thumbnail","hentry","category-drustvo","tag-pojas-za-spas","tag-kampanja"],"acf":[],"jetpack_publicize_connections":[],"_links":{"self":[{"href":"https:\/\/gradski.me\/en\/wp-json\/wp\/v2\/posts\/885397","targetHints":{"allow":["GET"]}}],"collection":[{"href":"https:\/\/gradski.me\/en\/wp-json\/wp\/v2\/posts"}],"about":[{"href":"https:\/\/gradski.me\/en\/wp-json\/wp\/v2\/types\/post"}],"author":[{"embeddable":true,"href":"https:\/\/gradski.me\/en\/wp-json\/wp\/v2\/users\/1"}],"replies":[{"embeddable":true,"href":"https:\/\/gradski.me\/en\/wp-json\/wp\/v2\/comments?post=885397"}],"version-history":[{"count":0,"href":"https:\/\/gradski.me\/en\/wp-json\/wp\/v2\/posts\/885397\/revisions"}],"wp:featuredmedia":[{"embeddable":true,"href":"https:\/\/gradski.me\/en\/wp-json\/wp\/v2\/media\/885407"}],"wp:attachment":[{"href":"https:\/\/gradski.me\/en\/wp-json\/wp\/v2\/media?parent=885397"}],"wp:term":[{"taxonomy":"category","embeddable":true,"href":"https:\/\/gradski.me\/en\/wp-json\/wp\/v2\/categories?post=885397"},{"taxonomy":"post_tag","embeddable":true,"href":"https:\/\/gradski.me\/en\/wp-json\/wp\/v2\/tags?post=885397"},{"taxonomy":"naslovna","embeddable":true,"href":"https:\/\/gradski.me\/en\/wp-json\/wp\/v2\/naslovna?post=885397"}],"curies":[{"name":"wp","href":"https:\/\/api.w.org\/{rel}","templated":true}]}}