{"id":884726,"date":"2025-12-04T15:40:00","date_gmt":"2025-12-04T14:40:00","guid":{"rendered":"https:\/\/gradski.me\/?p=884726"},"modified":"2026-03-12T10:50:39","modified_gmt":"2026-03-12T09:50:39","slug":"eko-fond-i-klinicki-centar-crne-gore-potpisali-ugovor-o-modernizaciji-javne-rasvjete","status":"publish","type":"post","link":"https:\/\/gradski.me\/en\/drustvo\/eko-fond-i-klinicki-centar-crne-gore-potpisali-ugovor-o-modernizaciji-javne-rasvjete\/","title":{"rendered":"The Eco-Fund and the Clinical Center of Montenegro signed an agreement on the modernization of public lighting"},"content":{"rendered":"<p><\/p>\n\n\n\n<p>Potpisivanjem Ugovora, izvr\u0161ni direktor Eko-fonda <strong>Dra\u0161ko Boljevi\u0107<\/strong> i direktor Klini\u010dkog centra Crne Gore <strong>dr Aleksandar Radovi\u0107<\/strong> potvrdili su posve\u0107enost ja\u010danju energetske efikasnosti javnih institucija i unapre\u0111enju kvaliteta javnih usluga u Crnoj Gori.<\/p>\n\n\n\n<p>Klini\u010dkom centru Crne Gore odobrena je finansijska podr\u0161ka u iznosu od 108.016,61 eura, \u0161to predstavlja 80% ukupne vrijednosti projekta. Sredstva su namijenjena isklju\u010divo za unapre\u0111enje energetske efikasnosti kroz modernizaciju spoljne rasvjete, pove\u0107anje bezbjednosti i kvalitetnije ozna\u010davanje objekata u okviru najve\u0107e zdravstvene ustanove u dr\u017eavi.<\/p>\n\n\n\n<p>Realizacijom projekta o\u010dekuje se smanjenje potro\u0161nje elektri\u010dne energije, pove\u0107anje energetske stabilnosti, pobolj\u0161anje vidljivosti i orijentacije unutar kompleksa KCCG, kao i stvaranje bezbjednijeg okru\u017eenja za pacijente, osoblje i posjetioce.<\/p>\n\n\n\n<p>Ovaj projekat predstavlja jo\u0161 jedan korak u misiji Eko-fonda da kroz podr\u0161ku energetski efikasnim rje\u0161enjima doprinese za\u0161titi \u017eivotne sredine, smanjenju emisija CO\u2082 i podsticanju odr\u017eivog razvoja.<\/p>","protected":false},"excerpt":{"rendered":"<p>Danas su, Eko-fond i Klini\u010dki centar Crne Gore potpisali Ugovor o dodjeli sredstava za realizaciju projekta \u201eModernizacija javne rasvjete i ozna\u010davanje objekata u okviru kompleksa Klini\u010dkog centra Crne Gore\u201c, \u010dija ukupna vrijednost iznosi 135.020,76 eura.<\/p>","protected":false},"author":1,"featured_media":884731,"comment_status":"open","ping_status":"open","sticky":false,"template":"","format":"standard","meta":{"_acf_changed":false,"footnotes":"","jetpack_publicize_message":"","jetpack_publicize_feature_enabled":true,"jetpack_social_post_already_shared":false,"jetpack_social_options":{"image_generator_settings":{"template":"highway","default_image_id":0,"font":"","enabled":false},"version":2}},"categories":[9],"tags":[9966,9442,14470,6739],"naslovna":[],"class_list":["post-884726","post","type-post","status-publish","format-standard","has-post-thumbnail","hentry","category-drustvo","tag-eko-fond-2","tag-klinicki-centar-crne-gore","tag-modernizacija-javne-rasvjete","tag-potpisan-ugovor"],"acf":[],"jetpack_publicize_connections":[],"_links":{"self":[{"href":"https:\/\/gradski.me\/en\/wp-json\/wp\/v2\/posts\/884726","targetHints":{"allow":["GET"]}}],"collection":[{"href":"https:\/\/gradski.me\/en\/wp-json\/wp\/v2\/posts"}],"about":[{"href":"https:\/\/gradski.me\/en\/wp-json\/wp\/v2\/types\/post"}],"author":[{"embeddable":true,"href":"https:\/\/gradski.me\/en\/wp-json\/wp\/v2\/users\/1"}],"replies":[{"embeddable":true,"href":"https:\/\/gradski.me\/en\/wp-json\/wp\/v2\/comments?post=884726"}],"version-history":[{"count":1,"href":"https:\/\/gradski.me\/en\/wp-json\/wp\/v2\/posts\/884726\/revisions"}],"predecessor-version":[{"id":937109,"href":"https:\/\/gradski.me\/en\/wp-json\/wp\/v2\/posts\/884726\/revisions\/937109"}],"wp:featuredmedia":[{"embeddable":true,"href":"https:\/\/gradski.me\/en\/wp-json\/wp\/v2\/media\/884731"}],"wp:attachment":[{"href":"https:\/\/gradski.me\/en\/wp-json\/wp\/v2\/media?parent=884726"}],"wp:term":[{"taxonomy":"category","embeddable":true,"href":"https:\/\/gradski.me\/en\/wp-json\/wp\/v2\/categories?post=884726"},{"taxonomy":"post_tag","embeddable":true,"href":"https:\/\/gradski.me\/en\/wp-json\/wp\/v2\/tags?post=884726"},{"taxonomy":"naslovna","embeddable":true,"href":"https:\/\/gradski.me\/en\/wp-json\/wp\/v2\/naslovna?post=884726"}],"curies":[{"name":"wp","href":"https:\/\/api.w.org\/{rel}","templated":true}]}}