{"id":884658,"date":"2025-12-04T14:47:08","date_gmt":"2025-12-04T13:47:08","guid":{"rendered":"https:\/\/gradski.me\/?p=884658"},"modified":"2025-12-04T14:47:08","modified_gmt":"2025-12-04T13:47:08","slug":"aleksic-biblioteka-za-slijepe-crne-gore-znacajna-za-razvoj-ne-samo-kulture-nego-i-obrazovanja-i-nauke","status":"publish","type":"post","link":"https:\/\/gradski.me\/en\/kultura\/aleksic-biblioteka-za-slijepe-crne-gore-znacajna-za-razvoj-ne-samo-kulture-nego-i-obrazovanja-i-nauke\/","title":{"rendered":"Aleksi\u0107: The library for the blind of Montenegro is important for the development of not only culture, but also education and science"},"content":{"rendered":"<p><\/p>\n\n\n\n<p>&#8222;Ova ustanova kulture od nemjerljivog je zna\u010daja za razvoj ne samo kulture, nego i obrazovanja i nauke u Crnoj Gori jer svojim predanim i kvalitetnim radom omogu\u0107ava jednak pristup informacijama, knjigama i \u010dasopisima, svima onima koji iz ma kog razloga nijesu u mogu\u0107nosti da koriste tzv. crni tisak. Nadam se da \u0107e nadle\u017eni za prvu Biblioteku pristupa\u010dnih formata u na\u0161oj zemlji, nakon dvije decenije uspje\u0161nog rada, rije\u0161iti pitanje adekvatnih prostorija, odnosno omogu\u0107iti \u201ekrov nad glavom\u201d ovom hramu kulture&#8220;, kazao je, izme\u0111u ostalog, potpredsjednik Aleksi\u0107.<\/p>\n\n\n\n<p>Direktor Biblioteke mr Bo\u017eidar Denda upoznao je potpredsjednika sa najnovijim zakonskim promjenama koje se ti\u010du statusa ustanove, kao i problemom neadekvatnog prostora.<\/p>\n\n\n\n<p>&#8222;Biblioteka je zainteresovana da \u0161to prije pristupi transformaciji ustanove u skladu sa novim Zakonom, koji je u oktobru stupio na snagu. Taj propis donosi zna\u010dajna unaprje\u0111enja u pogledu ustrojstva i budu\u0107eg razvoja na\u0161e ustanove. Bilo bi zna\u010dajno da za po\u010detak Biblioteka na teritoriji Glavnog grada dobije i odgovaraju\u0107u katastarsku parcelu na kojoj bi se gradila zgrada za potrebe Biblioteke&#8220;, rekao je Denda.<\/p>\n\n\n\n<p>Direktor Denda je potpredsjedniku Aleksi\u0107u uru\u010dio zahvalnicu za poseban doprinos razvoju Biblioteke u prethodnoj godini.<\/p>\n\n\n\n<p>Doma\u0107ini su potpredsjednika Aleksi\u0107a prilikom obilaska ustanove upoznali sa procesom izrade knjiga pristupa\u010dnih formata. Sastanku je prisustvovao i \u010dlan Savjeta JU Biblioteka za slijepe Crne Gore Vladimir Jovovi\u0107.\u00a0<\/p>\n\n\n\n<p><\/p>","protected":false},"excerpt":{"rendered":"<p>Potpredsjednik Vlade Crne Gore za obrazovanje, nauku i odnose sa vjerskim zajednicama, dr Budimir Aleksi\u0107, posjetio je danas Biblioteku za slijepe Crne Gore. Aleksi\u0107 je tom prilikom razgovarao sa direktorom ove kulturne institucije mr Bo\u017eidarom Dendom, kao i predsjednikom Savjeta te ustanove dr Zdravkom Vuk\u010devi\u0107em.<\/p>","protected":false},"author":1,"featured_media":884660,"comment_status":"open","ping_status":"open","sticky":false,"template":"","format":"standard","meta":{"_acf_changed":false,"footnotes":"","jetpack_publicize_message":"","jetpack_publicize_feature_enabled":true,"jetpack_social_post_already_shared":false,"jetpack_social_options":{"image_generator_settings":{"template":"highway","default_image_id":0,"font":"","enabled":false},"version":2}},"categories":[11],"tags":[9541,14457,188,1168],"naslovna":[],"class_list":["post-884658","post","type-post","status-publish","format-standard","has-post-thumbnail","hentry","category-kultura","tag-biblioteka-za-slijepe","tag-budimir-aleksic-2","tag-crna-gora","tag-vlada"],"acf":[],"jetpack_publicize_connections":[],"_links":{"self":[{"href":"https:\/\/gradski.me\/en\/wp-json\/wp\/v2\/posts\/884658","targetHints":{"allow":["GET"]}}],"collection":[{"href":"https:\/\/gradski.me\/en\/wp-json\/wp\/v2\/posts"}],"about":[{"href":"https:\/\/gradski.me\/en\/wp-json\/wp\/v2\/types\/post"}],"author":[{"embeddable":true,"href":"https:\/\/gradski.me\/en\/wp-json\/wp\/v2\/users\/1"}],"replies":[{"embeddable":true,"href":"https:\/\/gradski.me\/en\/wp-json\/wp\/v2\/comments?post=884658"}],"version-history":[{"count":0,"href":"https:\/\/gradski.me\/en\/wp-json\/wp\/v2\/posts\/884658\/revisions"}],"wp:featuredmedia":[{"embeddable":true,"href":"https:\/\/gradski.me\/en\/wp-json\/wp\/v2\/media\/884660"}],"wp:attachment":[{"href":"https:\/\/gradski.me\/en\/wp-json\/wp\/v2\/media?parent=884658"}],"wp:term":[{"taxonomy":"category","embeddable":true,"href":"https:\/\/gradski.me\/en\/wp-json\/wp\/v2\/categories?post=884658"},{"taxonomy":"post_tag","embeddable":true,"href":"https:\/\/gradski.me\/en\/wp-json\/wp\/v2\/tags?post=884658"},{"taxonomy":"naslovna","embeddable":true,"href":"https:\/\/gradski.me\/en\/wp-json\/wp\/v2\/naslovna?post=884658"}],"curies":[{"name":"wp","href":"https:\/\/api.w.org\/{rel}","templated":true}]}}