{"id":884565,"date":"2025-12-04T14:49:00","date_gmt":"2025-12-04T13:49:00","guid":{"rendered":"https:\/\/gradski.me\/?p=884565"},"modified":"2025-12-04T14:49:00","modified_gmt":"2025-12-04T13:49:00","slug":"jugoslavija-i-vlado-milic-najbolji-u-odbojci","status":"publish","type":"post","link":"https:\/\/gradski.me\/en\/sport\/jugoslavija-i-vlado-milic-najbolji-u-odbojci\/","title":{"rendered":"\"Yugoslavia\" and \"Vlado Mili\u0107\" are the best in volleyball"},"content":{"rendered":"<p>U mu\u0161koj odbojci&nbsp;titulom&nbsp;\u0161ampiona, bez izgubljenog seta&nbsp;okitila se&nbsp;<strong>O\u0160 &#8222;<\/strong><strong>Jugoslavija&#8220;<\/strong>&nbsp;iz Bara,&nbsp;koju je sa klupe predvodio profesor&nbsp;<strong>Vladan Jovanovi\u0107.<\/strong>&nbsp;Srebrnu medalju osvojila je&nbsp;<strong>O\u0160 &#8222;9. maj&#8220;<\/strong>&nbsp;iz Sutivana kod Bijelog Polja, \u010diji je trener profesor<strong>&nbsp;Dragan Ma\u0161kovi\u0107,&nbsp;<\/strong>dok se na najni\u017ei stepenik pobjedni\u010dkog postolja popela ekipa profesora&nbsp;<strong>Milana Drobnjaka<\/strong>&nbsp;from&nbsp;<strong>O\u0160 &#8222;Maksim Gorki&#8220;&nbsp;<\/strong>iz Podgorice. Bez medalje je, nakon poraza u polufinalu i me\u010du za tre\u0107e mjesto ostala&nbsp;<strong>O\u0160 &#8222;Ivan Vu\u0161ovi\u0107&#8220;&nbsp;<\/strong>iz Nik\u0161i\u0107a, koju je sa klupe predvodio profesor&nbsp;<strong>Ranko Perovi\u0107.<\/strong><\/p>\n\n\n\n<p>Rezultati \u2013&nbsp;<strong>polufinale:<\/strong>&nbsp;&#8222;Jugoslavija&#8220; \u2013 &#8222;Maksim Gorki&#8220; 2:0, &#8222;9. maj&#8220; \u2013 &#8222;Ivan Vu\u0161ovi\u0107&#8220; 2:0;&nbsp;<strong>z<\/strong><strong>a tre\u0107e mjesto:&nbsp;<\/strong>&#8222;Maksim Gorki&#8220; \u2013 &#8222;Ivan Vu\u0161ovi\u0107&#8220; 2:0;&nbsp;<strong>finale:<\/strong>&nbsp;&#8222;Jugoslavija&#8220; \u2013 &#8222;9. maj&#8220; 2:0.<\/p>\n\n\n\n<p><strong>Kona\u010dan plasman:<\/strong>&nbsp;1. &#8222;Jugoslavija&#8220;, 2. &#8222;9. maj&#8220;, 3. &#8222;Maksim Gorki&#8220;, 4. &#8222;Ivan Vu\u0161ovi\u0107&#8220;.<\/p>\n\n\n\n<p>U konkurenciji odbojka\u0161ica bez premca je bila&nbsp;<strong>O\u0160 &#8222;<\/strong><strong>Vlado Mili\u0107<\/strong><strong>\u201e<\/strong>&nbsp;iz Podgorice<strong>.&nbsp;<\/strong>Ekipa profesora&nbsp;<strong>Mladena Lakovi\u0107a<\/strong>&nbsp;je do titule do\u0161la sa dvije maksimalne pobjede. Srebro je pripalo<strong>&nbsp;O\u0160 &#8222;Bla\u017eo Jokov Orlandi\u0107&#8220;&nbsp;<\/strong>iz Bara, \u010diji je trener profesorica&nbsp;<strong>An\u0111ela Abazovi\u0107<\/strong>, dok se bronzom okitila&nbsp;<strong>O\u0160 &#8222;Marko Miljanov&#8220;<\/strong>&nbsp;iz Bijelog Polja, koju je sa klupe predvodio profesor&nbsp;<strong>Mladen Miladinovi\u0107<\/strong>. Nakon dva poraza u zavr\u0161nici u Podgorici, ekipa profesora&nbsp;<strong>Rado\u0161a Tadi\u0107a&nbsp;<\/strong>from&nbsp;<strong>O\u0160 &#8222;Luka Simonovi\u0107&#8220;&nbsp;<\/strong>iz Nik\u0161i\u0107a je morala da se zadovolji \u010detvrtim mjestom. &nbsp;&nbsp;&nbsp;<\/p>\n\n\n\n<p>Rezultati \u2013&nbsp;<strong>polufinale<\/strong>: &#8222;Bla\u017eo Jokov Orlandi\u0107&#8220; \u2013 &#8222;Luka Simonovi\u0107&#8220; 2:0, &#8222;Vlado Mili\u0107&#8220; \u2013 &#8222;Marko Miljanov&#8220; 2:0;&nbsp;<strong>za tre\u0107e mjesto:&nbsp;<\/strong>&#8222;Luka Simonovi\u0107&#8220; \u2013 &#8222;Marko Miljanov&#8220; 0:2;&nbsp;<strong>f<\/strong><strong>inale:<\/strong>&nbsp;&#8222;Vlado Mili\u0107&#8220; \u2013 &#8222;Bla\u017eo Jokov Orlandi\u0107&#8220; 2:0.<\/p>\n\n\n\n<p><strong>Kona\u010dan plasman<\/strong>: 1. &#8222;Vlado Mili\u0107&#8220;, 2. &#8222;Bla\u017eo Jokov Orlandi\u0107&#8220;, 3. &#8222;Marko Miljanov&#8220;, 4. &#8222;Luka Simonovi\u0107&#8220;.<\/p>","protected":false},"excerpt":{"rendered":"<p>Nakon ko\u0161arke i basketa 3&#215;3, u\u00a0organizaciji Crnogorskog \u0161kolskog sportskog saveza u Podgorici je, u dvorani O\u0160 &#8222;Radojica Perovi\u0107&#8220; odr\u017eano Dr\u017eavno prvenstvo 42. \u0160kolskih sportskih igara u odbojci za u\u010denike i u\u010denice VII, VIII i IX razreda.\u00a0Za\u00a0titule \u0161ampiona borili su se najbolji predstavnici \u0161kola iz sve \u010detiri regije Crne Gore &#8211; pobjednici \u0161kolskih, op\u0161tinskih i regionalnih takmi\u010denja.<\/p>","protected":false},"author":1,"featured_media":884567,"comment_status":"open","ping_status":"open","sticky":false,"template":"","format":"standard","meta":{"_acf_changed":false,"footnotes":"","jetpack_publicize_message":"","jetpack_publicize_feature_enabled":true,"jetpack_social_post_already_shared":false,"jetpack_social_options":{"image_generator_settings":{"template":"highway","default_image_id":0,"font":"","enabled":false},"version":2}},"categories":[15],"tags":[11830,14251],"naslovna":[],"class_list":["post-884565","post","type-post","status-publish","format-standard","has-post-thumbnail","hentry","category-sport","tag-crnogorski-skolski-sportski-savez","tag-drzavno-prvenstvo-skolskih-sportskih-igara"],"acf":[],"jetpack_publicize_connections":[],"_links":{"self":[{"href":"https:\/\/gradski.me\/en\/wp-json\/wp\/v2\/posts\/884565","targetHints":{"allow":["GET"]}}],"collection":[{"href":"https:\/\/gradski.me\/en\/wp-json\/wp\/v2\/posts"}],"about":[{"href":"https:\/\/gradski.me\/en\/wp-json\/wp\/v2\/types\/post"}],"author":[{"embeddable":true,"href":"https:\/\/gradski.me\/en\/wp-json\/wp\/v2\/users\/1"}],"replies":[{"embeddable":true,"href":"https:\/\/gradski.me\/en\/wp-json\/wp\/v2\/comments?post=884565"}],"version-history":[{"count":0,"href":"https:\/\/gradski.me\/en\/wp-json\/wp\/v2\/posts\/884565\/revisions"}],"wp:featuredmedia":[{"embeddable":true,"href":"https:\/\/gradski.me\/en\/wp-json\/wp\/v2\/media\/884567"}],"wp:attachment":[{"href":"https:\/\/gradski.me\/en\/wp-json\/wp\/v2\/media?parent=884565"}],"wp:term":[{"taxonomy":"category","embeddable":true,"href":"https:\/\/gradski.me\/en\/wp-json\/wp\/v2\/categories?post=884565"},{"taxonomy":"post_tag","embeddable":true,"href":"https:\/\/gradski.me\/en\/wp-json\/wp\/v2\/tags?post=884565"},{"taxonomy":"naslovna","embeddable":true,"href":"https:\/\/gradski.me\/en\/wp-json\/wp\/v2\/naslovna?post=884565"}],"curies":[{"name":"wp","href":"https:\/\/api.w.org\/{rel}","templated":true}]}}