{"id":884196,"date":"2025-12-03T21:21:10","date_gmt":"2025-12-03T20:21:10","guid":{"rendered":"https:\/\/gradski.me\/?p=884196"},"modified":"2025-12-03T21:21:10","modified_gmt":"2025-12-03T20:21:10","slug":"poznat-zrijeb-kupa-crne-gore-odredjeni-parovi-za-rukometase-i-rukometasice","status":"publish","type":"post","link":"https:\/\/gradski.me\/en\/sport\/poznat-zrijeb-kupa-crne-gore-odredjeni-parovi-za-rukometase-i-rukometasice\/","title":{"rendered":"Known draw of the Cup of Montenegro: Certain pairs for male and female handball players"},"content":{"rendered":"<p>Kup Crne Gore za mu\u0161karce, osmina finala<\/p>\n\n\n\n<p>RK Brskovo \u2013 RK Partizan 1949 (par 1)<\/p>\n\n\n\n<p>RK Jedinstvo Bemax \u2013 Rk Berane 1949 (par 2)<\/p>\n\n\n\n<p>RK Mornar 7 \u2013 RK Sutjeska (par 3)<\/p>\n\n\n\n<p>RK Budvanska rivijera Budva \u2013 slobodna<\/p>\n\n\n\n<p>Izvla\u010denju je osim \u010dlanova Takmi\u010darske komisije, prisustvovao i predstavnik RK Budvanska rivijera Budva.<\/p>\n\n\n\n<p>Utakmice su na programu 27\/28. decembra 2025. godine.<\/p>\n\n\n\n<p>Na osnovu propozicija Kupa Crne Gore prve \u010detiri prvoplasirane ekipe iz prethodne sezone su oslobo\u0111ene u\u010de\u0161\u0107a u osmini finala Kupa za mu\u0161karce i to:<\/p>\n\n\n\n<p>(1) Lov\u0107en<\/p>\n\n\n\n<p>(2) Budu\u0107nost<\/p>\n\n\n\n<p>(3) Rudar<\/p>\n\n\n\n<p>(4) Zabjelo<\/p>\n\n\n\n<p>Kup Crne Gore za \u017eene, \u0161esnaestina finala<\/p>\n\n\n\n<p>RK Stars Cetinje \u2013 RK Danilovgrad (par 1)<\/p>\n\n\n\n<p>RK Komovi \u2013 RK Zeta (par 2)<\/p>\n\n\n\n<p>RK Levalea 2010 \u2013 RK Trebjesa Bemax (par 3)<\/p>\n\n\n\n<p>\u017dRK Ulcinj \u2013 \u017dRK Nik\u0161i\u0107 (par 4)<\/p>\n\n\n\n<p>RK Jedinstvo Bemax \u2013 \u017dRK Berane 20023 (par 5)<\/p>\n\n\n\n<p>\u017dRK OTP Group Budu\u0107nost I \u2013 \u017dRK Podgorica Bemax (par 6)<\/p>\n\n\n\n<p>\u017dRK Tivat \u2013 RK Feniks (par 7)<\/p>\n\n\n\n<p>\u017dRK OTP Group Budu\u0107nost II \u2013 RK Mornar 7 (par)<\/p>\n\n\n\n<p>Izvla\u010denju su osim \u010dlanova Takmi\u010darske komisije, prisustvovali predstavnici RK Zeta, RK Danilovgrad i \u017dRK Podgorica Bemax.<\/p>\n\n\n\n<p>Utakmice su na programu 20\/21. decembra 2025. godine.<\/p>","protected":false},"excerpt":{"rendered":"<p>\u017drijeb za osminu finala Kupa Crne Gore u konkurenciji mu\u0161karaca i \u0161esnaestinu finala Kupa Crne Gore za \u017eene, obavljen je u prostorijama Rukometnog saveza Crne Gore.<\/p>","protected":false},"author":1,"featured_media":884201,"comment_status":"open","ping_status":"open","sticky":false,"template":"","format":"standard","meta":{"_acf_changed":false,"footnotes":"","jetpack_publicize_message":"","jetpack_publicize_feature_enabled":true,"jetpack_social_post_already_shared":false,"jetpack_social_options":{"image_generator_settings":{"template":"highway","default_image_id":0,"font":"","enabled":false},"version":2}},"categories":[15],"tags":[8797,14395,14396,1080,304,3444],"naslovna":[],"class_list":["post-884196","post","type-post","status-publish","format-standard","has-post-thumbnail","hentry","category-sport","tag-kup","tag-kup-crne-gore-za-rukometase","tag-kup-crne-gore-za-rukometasice","tag-rscg","tag-rukomet","tag-zrijeb"],"acf":[],"jetpack_publicize_connections":[],"_links":{"self":[{"href":"https:\/\/gradski.me\/en\/wp-json\/wp\/v2\/posts\/884196","targetHints":{"allow":["GET"]}}],"collection":[{"href":"https:\/\/gradski.me\/en\/wp-json\/wp\/v2\/posts"}],"about":[{"href":"https:\/\/gradski.me\/en\/wp-json\/wp\/v2\/types\/post"}],"author":[{"embeddable":true,"href":"https:\/\/gradski.me\/en\/wp-json\/wp\/v2\/users\/1"}],"replies":[{"embeddable":true,"href":"https:\/\/gradski.me\/en\/wp-json\/wp\/v2\/comments?post=884196"}],"version-history":[{"count":0,"href":"https:\/\/gradski.me\/en\/wp-json\/wp\/v2\/posts\/884196\/revisions"}],"wp:featuredmedia":[{"embeddable":true,"href":"https:\/\/gradski.me\/en\/wp-json\/wp\/v2\/media\/884201"}],"wp:attachment":[{"href":"https:\/\/gradski.me\/en\/wp-json\/wp\/v2\/media?parent=884196"}],"wp:term":[{"taxonomy":"category","embeddable":true,"href":"https:\/\/gradski.me\/en\/wp-json\/wp\/v2\/categories?post=884196"},{"taxonomy":"post_tag","embeddable":true,"href":"https:\/\/gradski.me\/en\/wp-json\/wp\/v2\/tags?post=884196"},{"taxonomy":"naslovna","embeddable":true,"href":"https:\/\/gradski.me\/en\/wp-json\/wp\/v2\/naslovna?post=884196"}],"curies":[{"name":"wp","href":"https:\/\/api.w.org\/{rel}","templated":true}]}}